{"id":545,"date":"2025-02-18T15:04:36","date_gmt":"2025-02-18T14:04:36","guid":{"rendered":"https:\/\/massivart.de\/magazin\/?p=545"},"modified":"2025-06-06T11:25:38","modified_gmt":"2025-06-06T09:25:38","slug":"wie-ein-couchtisch-aus-massivholz-ihre-couchgarnitur-ergaenzt","status":"publish","type":"post","link":"https:\/\/massivart.de\/magazin\/wie-ein-couchtisch-aus-massivholz-ihre-couchgarnitur-ergaenzt\/","title":{"rendered":"Wie ein Couchtisch aus Massivholz Ihre Couchgarnitur erg\u00e4nzt"},"content":{"rendered":"\t\t<div data-elementor-type=\"wp-post\" data-elementor-id=\"545\" class=\"elementor elementor-545\" data-elementor-post-type=\"post\">\n\t\t\t\t\t\t<section class=\"elementor-section elementor-top-section elementor-element elementor-element-5b415a15 elementor-section-boxed elementor-section-height-default elementor-section-height-default\" data-id=\"5b415a15\" data-element_type=\"section\" data-e-type=\"section\" data-settings=\"{&quot;background_background&quot;:&quot;classic&quot;}\">\n\t\t\t\t\t\t<div class=\"elementor-container elementor-column-gap-default\">\n\t\t\t\t\t<div class=\"elementor-column elementor-col-100 elementor-top-column elementor-element elementor-element-d3fa70c\" data-id=\"d3fa70c\" data-element_type=\"column\" data-e-type=\"column\">\n\t\t\t<div class=\"elementor-widget-wrap elementor-element-populated\">\n\t\t\t\t\t\t<div class=\"elementor-element elementor-element-251848ac elementor-widget elementor-widget-theme-post-featured-image elementor-widget-image\" data-id=\"251848ac\" data-element_type=\"widget\" data-e-type=\"widget\" data-widget_type=\"theme-post-featured-image.default\">\n\t\t\t\t<div class=\"elementor-widget-container\">\n\t\t\t\t\t\t\t\t\t\t\t\t\t\t\t<img fetchpriority=\"high\" decoding=\"async\" width=\"1120\" height=\"400\" src=\"https:\/\/massivart.de\/magazin\/wp-content\/uploads\/2024\/11\/beitragsbild-4.jpg\" class=\"attachment-full size-full wp-image-15\" alt=\"Entdecken Sie, wie ein Couchtisch aus Massivholz Ihre Couchgarnitur perfekt erg\u00e4nzt und nat\u00fcrliches Flair in Ihren Wohnbereich bringt\" srcset=\"https:\/\/massivart.de\/magazin\/wp-content\/uploads\/2024\/11\/beitragsbild-4.jpg 1120w, https:\/\/massivart.de\/magazin\/wp-content\/uploads\/2024\/11\/beitragsbild-4-300x107.jpg 300w, https:\/\/massivart.de\/magazin\/wp-content\/uploads\/2024\/11\/beitragsbild-4-1024x366.jpg 1024w, https:\/\/massivart.de\/magazin\/wp-content\/uploads\/2024\/11\/beitragsbild-4-768x274.jpg 768w\" sizes=\"(max-width: 1120px) 100vw, 1120px\" \/>\t\t\t\t\t\t\t\t\t\t\t\t\t\t\t<\/div>\n\t\t\t\t<\/div>\n\t\t\t\t\t<\/div>\n\t\t<\/div>\n\t\t\t\t\t<\/div>\n\t\t<\/section>\n\t\t\t\t<section class=\"elementor-section elementor-top-section elementor-element elementor-element-36d1e82 elementor-section-boxed elementor-section-height-default elementor-section-height-default\" data-id=\"36d1e82\" data-element_type=\"section\" data-e-type=\"section\" data-settings=\"{&quot;background_background&quot;:&quot;classic&quot;}\">\n\t\t\t\t\t\t<div class=\"elementor-container elementor-column-gap-default\">\n\t\t\t\t\t<div class=\"elementor-column elementor-col-100 elementor-top-column elementor-element elementor-element-14cd71ef\" data-id=\"14cd71ef\" data-element_type=\"column\" data-e-type=\"column\">\n\t\t\t<div class=\"elementor-widget-wrap elementor-element-populated\">\n\t\t\t\t\t\t<div class=\"elementor-element elementor-element-a5a4fd9 elementor-widget elementor-widget-global elementor-global-381 elementor-widget-theme-post-title\" data-id=\"a5a4fd9\" data-element_type=\"widget\" data-e-type=\"widget\" data-widget_type=\"theme-post-title.default\">\n\t\t\t\t<div class=\"elementor-widget-container\">\n\t\t\t\t\t<h1 class=\"elementor-heading-title elementor-size-default\">Wie ein Couchtisch aus Massivholz Ihre Couchgarnitur erg\u00e4nzt<\/h1>\t\t\t\t<\/div>\n\t\t\t\t<\/div>\n\t\t\t\t<div class=\"elementor-element elementor-element-50742a2a elementor-widget elementor-widget-global elementor-global-384 elementor-widget-post-info\" data-id=\"50742a2a\" data-element_type=\"widget\" data-e-type=\"widget\" data-widget_type=\"post-info.default\">\n\t\t\t\t<div class=\"elementor-widget-container\">\n\t\t\t\t\t\t\t<ul class=\"elementor-inline-items elementor-icon-list-items elementor-post-info\">\n\t\t\t\t\t\t\t\t<li class=\"elementor-icon-list-item elementor-repeater-item-51f8952 elementor-inline-item\" itemprop=\"datePublished\">\n\t\t\t\t\t\t<a href=\"https:\/\/massivart.de\/magazin\/2025\/02\/18\/\">\n\t\t\t\t\t\t\t\t\t\t\t<span class=\"elementor-icon-list-icon\">\n\t\t\t\t\t\t\t\t<svg aria-hidden=\"true\" class=\"e-font-icon-svg e-far-calendar-alt\" viewBox=\"0 0 448 512\" xmlns=\"http:\/\/www.w3.org\/2000\/svg\"><path d=\"M148 288h-40c-6.6 0-12-5.4-12-12v-40c0-6.6 5.4-12 12-12h40c6.6 0 12 5.4 12 12v40c0 6.6-5.4 12-12 12zm108-12v-40c0-6.6-5.4-12-12-12h-40c-6.6 0-12 5.4-12 12v40c0 6.6 5.4 12 12 12h40c6.6 0 12-5.4 12-12zm96 0v-40c0-6.6-5.4-12-12-12h-40c-6.6 0-12 5.4-12 12v40c0 6.6 5.4 12 12 12h40c6.6 0 12-5.4 12-12zm-96 96v-40c0-6.6-5.4-12-12-12h-40c-6.6 0-12 5.4-12 12v40c0 6.6 5.4 12 12 12h40c6.6 0 12-5.4 12-12zm-96 0v-40c0-6.6-5.4-12-12-12h-40c-6.6 0-12 5.4-12 12v40c0 6.6 5.4 12 12 12h40c6.6 0 12-5.4 12-12zm192 0v-40c0-6.6-5.4-12-12-12h-40c-6.6 0-12 5.4-12 12v40c0 6.6 5.4 12 12 12h40c6.6 0 12-5.4 12-12zm96-260v352c0 26.5-21.5 48-48 48H48c-26.5 0-48-21.5-48-48V112c0-26.5 21.5-48 48-48h48V12c0-6.6 5.4-12 12-12h40c6.6 0 12 5.4 12 12v52h128V12c0-6.6 5.4-12 12-12h40c6.6 0 12 5.4 12 12v52h48c26.5 0 48 21.5 48 48zm-48 346V160H48v298c0 3.3 2.7 6 6 6h340c3.3 0 6-2.7 6-6z\"><\/path><\/svg>\t\t\t\t\t\t\t<\/span>\n\t\t\t\t\t\t\t\t\t<span class=\"elementor-icon-list-text elementor-post-info__item elementor-post-info__item--type-date\">\n\t\t\t\t\t\t\t\t\t\t<time>Februar 18, 2025<\/time>\t\t\t\t\t<\/span>\n\t\t\t\t\t\t\t\t\t<\/a>\n\t\t\t\t<\/li>\n\t\t\t\t<\/ul>\n\t\t\t\t\t\t<\/div>\n\t\t\t\t<\/div>\n\t\t\t\t<div class=\"elementor-element elementor-element-30dc7708 elementor-widget-divider--view-line elementor-widget elementor-widget-divider\" data-id=\"30dc7708\" data-element_type=\"widget\" data-e-type=\"widget\" data-widget_type=\"divider.default\">\n\t\t\t\t<div class=\"elementor-widget-container\">\n\t\t\t\t\t\t\t<div class=\"elementor-divider\">\n\t\t\t<span class=\"elementor-divider-separator\">\n\t\t\t\t\t\t<\/span>\n\t\t<\/div>\n\t\t\t\t\t\t<\/div>\n\t\t\t\t<\/div>\n\t\t\t\t<div class=\"elementor-element elementor-element-16803ad elementor-widget elementor-widget-heading\" data-id=\"16803ad\" data-element_type=\"widget\" data-e-type=\"widget\" data-widget_type=\"heading.default\">\n\t\t\t\t<div class=\"elementor-widget-container\">\n\t\t\t\t\t<h2 class=\"elementor-heading-title elementor-size-default\">Rund, eckig oder oval - entdecken Sie unsere Tipps und Tricks f\u00fcr die Auswahl Ihres neuen Wohnzimmertisches<\/h2>\t\t\t\t<\/div>\n\t\t\t\t<\/div>\n\t\t\t\t<div class=\"elementor-element elementor-element-7379e98e elementor-widget elementor-widget-text-editor\" data-id=\"7379e98e\" data-element_type=\"widget\" data-e-type=\"widget\" data-widget_type=\"text-editor.default\">\n\t\t\t\t<div class=\"elementor-widget-container\">\n\t\t\t\t\t\t\t\t\t<p>Ein <strong>Couchtisch massiv<\/strong> ist weit mehr als nur ein praktisches M\u00f6belst\u00fcck \u2013 er bildet das Herzst\u00fcck jeder Wohnzimmereinrichtung und verbindet Funktionalit\u00e4t mit nat\u00fcrlicher \u00c4sthetik. Gerade Modelle aus hochwertigem Holz f\u00fcgen sich harmonisch in verschiedene Wohnstile ein und bringen eine warme, gem\u00fctliche Atmosph\u00e4re in den Raum. Ob rustikal, modern oder skandinavisch \u2013 mit einem <a href=\"https:\/\/massivart.de\/couchtische\/\" target=\"_blank\" rel=\"noopener\"><strong>Couchtisch aus Massivholz<\/strong><\/a> setzen Sie ein Statement f\u00fcr Qualit\u00e4t und Langlebigkeit.<\/p><p>Massivholztische sind besonders robust und bestechen durch ihre einzigartige Maserung. Besonders beliebt sind Varianten aus Eiche, Akazie oder Nussbaum, die sich durch ihre H\u00e4rte und Widerstandsf\u00e4higkeit auszeichnen. Ein <strong>Massivholz Couchtisch aus Wildeiche<\/strong> beispielsweise bringt mit seiner markanten Struktur eine lebendige Optik in Ihr Wohnzimmer.<\/p><p>Doch wie findet man den passenden Tisch, der perfekt zur eigenen Couchgarnitur passt? Welche Formen und Funktionen sind sinnvoll? Und wie pflegt man das Naturmaterial richtig? In diesem Ratgeber erfahren Sie alles, was Sie \u00fcber die Wahl des idealen <strong>Couchtisch aus Holz <\/strong>wissen m\u00fcssen \u2013 inklusive wertvoller Tipps zur Pflege und Reinigung. Lassen Sie sich inspirieren und entdecken Sie die Vielfalt der <a href=\"https:\/\/massivart.de\/couchtische\/\"><strong>Massivholz Couchtische<\/strong><\/a>!<\/p>\t\t\t\t\t\t\t\t<\/div>\n\t\t\t\t<\/div>\n\t\t\t\t<div class=\"elementor-element elementor-element-75be856a elementor-toc--minimized-on-none elementor-widget elementor-widget-global elementor-global-378 elementor-widget-table-of-contents\" data-id=\"75be856a\" data-element_type=\"widget\" data-e-type=\"widget\" data-settings=\"{&quot;headings_by_tags&quot;:[&quot;h2&quot;,&quot;h4&quot;],&quot;exclude_headings_by_selector&quot;:[],&quot;minimized_on&quot;:&quot;none&quot;,&quot;no_headings_message&quot;:&quot;No headings were found on this page.&quot;,&quot;min_height&quot;:{&quot;unit&quot;:&quot;px&quot;,&quot;size&quot;:0,&quot;sizes&quot;:[]},&quot;marker_view&quot;:&quot;numbers&quot;,&quot;minimize_box&quot;:&quot;yes&quot;,&quot;hierarchical_view&quot;:&quot;yes&quot;,&quot;min_height_tablet&quot;:{&quot;unit&quot;:&quot;px&quot;,&quot;size&quot;:&quot;&quot;,&quot;sizes&quot;:[]},&quot;min_height_mobile&quot;:{&quot;unit&quot;:&quot;px&quot;,&quot;size&quot;:&quot;&quot;,&quot;sizes&quot;:[]}}\" data-widget_type=\"table-of-contents.default\">\n\t\t\t\t<div class=\"elementor-widget-container\">\n\t\t\t\t\t\t\t\t\t<div class=\"elementor-toc__header\">\n\t\t\t\t\t\t\t\t\t\t<div class=\"elementor-toc__toggle-button elementor-toc__toggle-button--expand\" role=\"button\" tabindex=\"0\" aria-controls=\"elementor-toc__75be856a\" aria-expanded=\"true\" aria-label=\"Inhaltsverzeichnis \u00f6ffnen\"><\/div>\n\t\t\t\t<div class=\"elementor-toc__toggle-button elementor-toc__toggle-button--collapse\" role=\"button\" tabindex=\"0\" aria-controls=\"elementor-toc__75be856a\" aria-expanded=\"true\" aria-label=\"Inhaltsverzeichnis schlie\u00dfen\"><\/div>\n\t\t\t\t\t<\/div>\n\t\t\t\t<div id=\"elementor-toc__75be856a\" class=\"elementor-toc__body\">\n\t\t\t<div class=\"elementor-toc__spinner-container\">\n\t\t\t\t<svg class=\"elementor-toc__spinner eicon-animation-spin e-font-icon-svg e-eicon-loading\" aria-hidden=\"true\" viewBox=\"0 0 1000 1000\" xmlns=\"http:\/\/www.w3.org\/2000\/svg\"><path d=\"M500 975V858C696 858 858 696 858 500S696 142 500 142 142 304 142 500H25C25 237 238 25 500 25S975 237 975 500 763 975 500 975Z\"><\/path><\/svg>\t\t\t<\/div>\n\t\t<\/div>\n\t\t\t\t\t\t<\/div>\n\t\t\t\t<\/div>\n\t\t\t\t<div class=\"elementor-element elementor-element-220f5238 elementor-widget elementor-widget-heading\" data-id=\"220f5238\" data-element_type=\"widget\" data-e-type=\"widget\" data-widget_type=\"heading.default\">\n\t\t\t\t<div class=\"elementor-widget-container\">\n\t\t\t\t\t<h2 class=\"elementor-heading-title elementor-size-default\">Welcher Couchtisch in massiv passt zu Ihrer Sofagarnitur?<\/h2>\t\t\t\t<\/div>\n\t\t\t\t<\/div>\n\t\t\t\t<div class=\"elementor-element elementor-element-7449472d elementor-widget elementor-widget-text-editor\" data-id=\"7449472d\" data-element_type=\"widget\" data-e-type=\"widget\" data-widget_type=\"text-editor.default\">\n\t\t\t\t<div class=\"elementor-widget-container\">\n\t\t\t\t\t\t\t\t\t<p>Die Wahl eines <strong>Couchtisch in Massivholz<\/strong> sollte nicht dem Zufall \u00fcberlassen werden, denn er beeinflusst ma\u00dfgeblich die Raumwirkung. Dabei spielen Form, Gr\u00f6\u00dfe und Funktion eine entscheidende Rolle.<\/p><h5>Die richtige Gr\u00f6\u00dfe und H\u00f6he w\u00e4hlen<\/h5><p>Ein <strong>Sofatisch<\/strong> sollte sich harmonisch in den Wohnraum einf\u00fcgen und zur Gr\u00f6\u00dfe der Couch passen. Ein zu kleiner Tisch wirkt schnell verloren, w\u00e4hrend ein zu gro\u00dfer Tisch den Raum erdr\u00fccken kann. Die optimale H\u00f6he entspricht meist der Sitzh\u00f6he des Sofas oder liegt leicht darunter \u2013 so bleibt der Wohnbereich offen und einladend.<\/p><h5>Welche Form passt zu Ihrem Wohnstil?<\/h5><p>Die Wahl der passenden Form f\u00fcr Ihren Couchtisch sollte sich an Ihrem Wohnstil und den vorhandenen M\u00f6beln orientieren. Ein <strong>rechteckiger<\/strong> oder <strong>quadratischer<\/strong> Couchtisch aus massivem Holz eignet sich besonders f\u00fcr gro\u00dfe Sofalandschaften, da er viel Ablagefl\u00e4che bietet und den Raum strukturiert. Wenn Sie ein kleineres Wohnzimmer haben oder Sofas mit geschwungenen Formen bevorzugen, ist ein <strong>runder<\/strong> Couchtisch eine ausgezeichnete Wahl. Seine sanften Kanten schaffen eine harmonische Optik und vermeiden harte \u00dcberg\u00e4nge. Wer einen modernen Look bevorzugt, kann auf <strong>ovale oder organische<\/strong> Formen setzen. Diese bieten eine stilvolle Alternative zu klassischen eckigen Varianten und verleihen dem Raum eine dynamische und elegante Note.<\/p><h5>Funktionale Extras f\u00fcr mehr Stauraum<\/h5><p>Wenn Sie Wert auf zus\u00e4tzlichen Stauraum legen, ist ein <strong>Couchtisch mit Schublade aus Massivholz<\/strong> eine clevere Wahl. Hier lassen sich Fernbedienungen, Zeitschriften oder andere Kleinigkeiten ordentlich verstauen. Besonders praktisch sind Modelle mit offenen Ablagef\u00e4chern oder Schubladen, die das Wohnzimmer aufger\u00e4umt halten.<\/p>\t\t\t\t\t\t\t\t<\/div>\n\t\t\t\t<\/div>\n\t\t\t\t<div class=\"elementor-element elementor-element-7150d0d elementor-widget elementor-widget-gallery\" data-id=\"7150d0d\" data-element_type=\"widget\" data-e-type=\"widget\" data-settings=\"{&quot;columns&quot;:3,&quot;lazyload&quot;:&quot;yes&quot;,&quot;gallery_layout&quot;:&quot;grid&quot;,&quot;columns_tablet&quot;:2,&quot;columns_mobile&quot;:1,&quot;gap&quot;:{&quot;unit&quot;:&quot;px&quot;,&quot;size&quot;:10,&quot;sizes&quot;:[]},&quot;gap_tablet&quot;:{&quot;unit&quot;:&quot;px&quot;,&quot;size&quot;:10,&quot;sizes&quot;:[]},&quot;gap_mobile&quot;:{&quot;unit&quot;:&quot;px&quot;,&quot;size&quot;:10,&quot;sizes&quot;:[]},&quot;link_to&quot;:&quot;file&quot;,&quot;aspect_ratio&quot;:&quot;3:2&quot;,&quot;overlay_background&quot;:&quot;yes&quot;,&quot;content_hover_animation&quot;:&quot;fade-in&quot;}\" data-widget_type=\"gallery.default\">\n\t\t\t\t<div class=\"elementor-widget-container\">\n\t\t\t\t\t\t\t<div class=\"elementor-gallery__container\">\n\t\t\t\t\t\t\t<a class=\"e-gallery-item elementor-gallery-item elementor-animated-content\" href=\"https:\/\/massivart.de\/magazin\/wp-content\/uploads\/2025\/02\/couchtisch-massivholz-baumkante-masivart.jpg\" data-elementor-open-lightbox=\"yes\" data-elementor-lightbox-slideshow=\"7150d0d\" data-elementor-lightbox-title=\"couchtisch-massivholz-baumkante-masivart\" data-e-action-hash=\"#elementor-action%3Aaction%3Dlightbox%26settings%3DeyJpZCI6MTU3OCwidXJsIjoiaHR0cHM6XC9cL21hc3NpdmFydC5kZVwvbWFnYXppblwvd3AtY29udGVudFwvdXBsb2Fkc1wvMjAyNVwvMDJcL2NvdWNodGlzY2gtbWFzc2l2aG9sei1iYXVta2FudGUtbWFzaXZhcnQuanBnIiwic2xpZGVzaG93IjoiNzE1MGQwZCJ9\">\n\t\t\t\t\t<div class=\"e-gallery-image elementor-gallery-item__image\" data-thumbnail=\"https:\/\/massivart.de\/magazin\/wp-content\/uploads\/2025\/02\/couchtisch-massivholz-baumkante-masivart-1024x573.jpg\" data-width=\"800\" data-height=\"448\" aria-label=\"Baumkanten Couchtisch MassivArt\" role=\"img\" ><\/div>\n\t\t\t\t\t\t\t\t\t\t\t<div class=\"elementor-gallery-item__overlay\"><\/div>\n\t\t\t\t\t\t\t\t\t\t\t\t\t\t<\/a>\n\t\t\t\t\t\t\t<a class=\"e-gallery-item elementor-gallery-item elementor-animated-content\" href=\"https:\/\/massivart.de\/magazin\/wp-content\/uploads\/2025\/02\/couchtisch-massivholz-cube-masivart.jpg\" data-elementor-open-lightbox=\"yes\" data-elementor-lightbox-slideshow=\"7150d0d\" data-elementor-lightbox-title=\"couchtisch-massivholz-cube-masivart\" data-e-action-hash=\"#elementor-action%3Aaction%3Dlightbox%26settings%3DeyJpZCI6MTU3OSwidXJsIjoiaHR0cHM6XC9cL21hc3NpdmFydC5kZVwvbWFnYXppblwvd3AtY29udGVudFwvdXBsb2Fkc1wvMjAyNVwvMDJcL2NvdWNodGlzY2gtbWFzc2l2aG9sei1jdWJlLW1hc2l2YXJ0LmpwZyIsInNsaWRlc2hvdyI6IjcxNTBkMGQifQ%3D%3D\">\n\t\t\t\t\t<div class=\"e-gallery-image elementor-gallery-item__image\" data-thumbnail=\"https:\/\/massivart.de\/magazin\/wp-content\/uploads\/2025\/02\/couchtisch-massivholz-cube-masivart-1024x573.jpg\" data-width=\"800\" data-height=\"448\" aria-label=\"Massivholz Couchtisch Block\" role=\"img\" ><\/div>\n\t\t\t\t\t\t\t\t\t\t\t<div class=\"elementor-gallery-item__overlay\"><\/div>\n\t\t\t\t\t\t\t\t\t\t\t\t\t\t<\/a>\n\t\t\t\t\t\t\t<a class=\"e-gallery-item elementor-gallery-item elementor-animated-content\" href=\"https:\/\/massivart.de\/magazin\/wp-content\/uploads\/2025\/02\/couchtisch-massivholz-mango-masivart.jpg\" data-elementor-open-lightbox=\"yes\" data-elementor-lightbox-slideshow=\"7150d0d\" data-elementor-lightbox-title=\"couchtisch-massivholz-mango-masivart\" data-e-action-hash=\"#elementor-action%3Aaction%3Dlightbox%26settings%3DeyJpZCI6MTU4MCwidXJsIjoiaHR0cHM6XC9cL21hc3NpdmFydC5kZVwvbWFnYXppblwvd3AtY29udGVudFwvdXBsb2Fkc1wvMjAyNVwvMDJcL2NvdWNodGlzY2gtbWFzc2l2aG9sei1tYW5nby1tYXNpdmFydC5qcGciLCJzbGlkZXNob3ciOiI3MTUwZDBkIn0%3D\">\n\t\t\t\t\t<div class=\"e-gallery-image elementor-gallery-item__image\" data-thumbnail=\"https:\/\/massivart.de\/magazin\/wp-content\/uploads\/2025\/02\/couchtisch-massivholz-mango-masivart-1024x573.jpg\" data-width=\"800\" data-height=\"448\" aria-label=\"Couchtisch massiv Mango\" role=\"img\" ><\/div>\n\t\t\t\t\t\t\t\t\t\t\t<div class=\"elementor-gallery-item__overlay\"><\/div>\n\t\t\t\t\t\t\t\t\t\t\t\t\t\t<\/a>\n\t\t\t\t\t<\/div>\n\t\t\t\t\t<\/div>\n\t\t\t\t<\/div>\n\t\t\t\t<div class=\"elementor-element elementor-element-6c81db7e elementor-widget elementor-widget-heading\" data-id=\"6c81db7e\" data-element_type=\"widget\" data-e-type=\"widget\" data-widget_type=\"heading.default\">\n\t\t\t\t<div class=\"elementor-widget-container\">\n\t\t\t\t\t<h2 class=\"elementor-heading-title elementor-size-default\">Wie finde ich den perfekten Couchtisch?<\/h2>\t\t\t\t<\/div>\n\t\t\t\t<\/div>\n\t\t\t\t<div class=\"elementor-element elementor-element-777ace37 elementor-widget elementor-widget-text-editor\" data-id=\"777ace37\" data-element_type=\"widget\" data-e-type=\"widget\" data-widget_type=\"text-editor.default\">\n\t\t\t\t<div class=\"elementor-widget-container\">\n\t\t\t\t\t\t\t\t\t<p>Die Auswahl an Massivholztischen ist riesig, aber mit den richtigen Kriterien f\u00e4llt die Entscheidung leichter. Neben der Optik sind Material, Funktionalit\u00e4t und Pflegeaufwand wichtige Faktoren.<\/p><h5>Material: Welches Holz passt zu Ihrem Stil?<\/h5><ul><li><strong>Eiche &amp; Wildeiche<\/strong>: Sehr robust, langlebig und mit einer markanten Maserung \u2013 perfekt f\u00fcr einen rustikalen oder modernen Look.<\/li><li><strong>Akazie<\/strong>: Ein widerstandsf\u00e4higes Holz mit warmer Farbgebung, das sich gut in verschiedene Wohnstile integrieren l\u00e4sst.<\/li><li><strong>Nussbaum<\/strong>: Dunkel und edel \u2013 f\u00fcr einen Hauch von Eleganz im Wohnzimmer.<\/li><\/ul>\t\t\t\t\t\t\t\t<\/div>\n\t\t\t\t<\/div>\n\t\t\t\t<div class=\"elementor-element elementor-element-9c0d4f4 elementor-widget elementor-widget-gallery\" data-id=\"9c0d4f4\" data-element_type=\"widget\" data-e-type=\"widget\" data-settings=\"{&quot;columns&quot;:5,&quot;columns_mobile&quot;:2,&quot;lazyload&quot;:&quot;yes&quot;,&quot;gallery_layout&quot;:&quot;grid&quot;,&quot;columns_tablet&quot;:2,&quot;gap&quot;:{&quot;unit&quot;:&quot;px&quot;,&quot;size&quot;:10,&quot;sizes&quot;:[]},&quot;gap_tablet&quot;:{&quot;unit&quot;:&quot;px&quot;,&quot;size&quot;:10,&quot;sizes&quot;:[]},&quot;gap_mobile&quot;:{&quot;unit&quot;:&quot;px&quot;,&quot;size&quot;:10,&quot;sizes&quot;:[]},&quot;link_to&quot;:&quot;file&quot;,&quot;aspect_ratio&quot;:&quot;3:2&quot;,&quot;overlay_background&quot;:&quot;yes&quot;,&quot;content_hover_animation&quot;:&quot;fade-in&quot;}\" data-widget_type=\"gallery.default\">\n\t\t\t\t<div class=\"elementor-widget-container\">\n\t\t\t\t\t\t\t<div class=\"elementor-gallery__container\">\n\t\t\t\t\t\t\t<a class=\"e-gallery-item elementor-gallery-item elementor-animated-content\" href=\"https:\/\/massivart.de\/magazin\/wp-content\/uploads\/2025\/11\/holzarmango-2.jpg\" data-elementor-open-lightbox=\"yes\" data-elementor-lightbox-slideshow=\"9c0d4f4\" data-elementor-lightbox-title=\"holzarmango-2\" data-e-action-hash=\"#elementor-action%3Aaction%3Dlightbox%26settings%3DeyJpZCI6MTY3MiwidXJsIjoiaHR0cHM6XC9cL21hc3NpdmFydC5kZVwvbWFnYXppblwvd3AtY29udGVudFwvdXBsb2Fkc1wvMjAyNVwvMTFcL2hvbHphcm1hbmdvLTIuanBnIiwic2xpZGVzaG93IjoiOWMwZDRmNCJ9\">\n\t\t\t\t\t<div class=\"e-gallery-image elementor-gallery-item__image\" data-thumbnail=\"https:\/\/massivart.de\/magazin\/wp-content\/uploads\/2025\/11\/holzarmango-2.jpg\" data-width=\"525\" data-height=\"334\" aria-label=\"Holzart Mango MassivArt Text\" role=\"img\" ><\/div>\n\t\t\t\t\t\t\t\t\t\t\t<div class=\"elementor-gallery-item__overlay\"><\/div>\n\t\t\t\t\t\t\t\t\t\t\t\t\t\t<\/a>\n\t\t\t\t\t\t\t<a class=\"e-gallery-item elementor-gallery-item elementor-animated-content\" href=\"https:\/\/massivart.de\/magazin\/wp-content\/uploads\/2025\/11\/holzart-akazie-2.jpg\" data-elementor-open-lightbox=\"yes\" data-elementor-lightbox-slideshow=\"9c0d4f4\" data-elementor-lightbox-title=\"holzart-akazie-2\" data-e-action-hash=\"#elementor-action%3Aaction%3Dlightbox%26settings%3DeyJpZCI6MTY3MywidXJsIjoiaHR0cHM6XC9cL21hc3NpdmFydC5kZVwvbWFnYXppblwvd3AtY29udGVudFwvdXBsb2Fkc1wvMjAyNVwvMTFcL2hvbHphcnQtYWthemllLTIuanBnIiwic2xpZGVzaG93IjoiOWMwZDRmNCJ9\">\n\t\t\t\t\t<div class=\"e-gallery-image elementor-gallery-item__image\" data-thumbnail=\"https:\/\/massivart.de\/magazin\/wp-content\/uploads\/2025\/11\/holzart-akazie-2.jpg\" data-width=\"525\" data-height=\"334\" aria-label=\"Holzart Akazie MassivArt Text\" role=\"img\" ><\/div>\n\t\t\t\t\t\t\t\t\t\t\t<div class=\"elementor-gallery-item__overlay\"><\/div>\n\t\t\t\t\t\t\t\t\t\t\t\t\t\t<\/a>\n\t\t\t\t\t\t\t<a class=\"e-gallery-item elementor-gallery-item elementor-animated-content\" href=\"https:\/\/massivart.de\/magazin\/wp-content\/uploads\/2025\/11\/holzart-eiche-2.jpg\" data-elementor-open-lightbox=\"yes\" data-elementor-lightbox-slideshow=\"9c0d4f4\" data-elementor-lightbox-title=\"holzart-eiche-2\" data-e-action-hash=\"#elementor-action%3Aaction%3Dlightbox%26settings%3DeyJpZCI6MTY3NCwidXJsIjoiaHR0cHM6XC9cL21hc3NpdmFydC5kZVwvbWFnYXppblwvd3AtY29udGVudFwvdXBsb2Fkc1wvMjAyNVwvMTFcL2hvbHphcnQtZWljaGUtMi5qcGciLCJzbGlkZXNob3ciOiI5YzBkNGY0In0%3D\">\n\t\t\t\t\t<div class=\"e-gallery-image elementor-gallery-item__image\" data-thumbnail=\"https:\/\/massivart.de\/magazin\/wp-content\/uploads\/2025\/11\/holzart-eiche-2.jpg\" data-width=\"525\" data-height=\"334\" aria-label=\"Holzart Eiche MassivArt Text\" role=\"img\" ><\/div>\n\t\t\t\t\t\t\t\t\t\t\t<div class=\"elementor-gallery-item__overlay\"><\/div>\n\t\t\t\t\t\t\t\t\t\t\t\t\t\t<\/a>\n\t\t\t\t\t\t\t<a class=\"e-gallery-item elementor-gallery-item elementor-animated-content\" href=\"https:\/\/massivart.de\/magazin\/wp-content\/uploads\/2025\/11\/holzart-sheesham-2.jpg\" data-elementor-open-lightbox=\"yes\" data-elementor-lightbox-slideshow=\"9c0d4f4\" data-elementor-lightbox-title=\"holzart-sheesham-2\" data-e-action-hash=\"#elementor-action%3Aaction%3Dlightbox%26settings%3DeyJpZCI6MTY3NSwidXJsIjoiaHR0cHM6XC9cL21hc3NpdmFydC5kZVwvbWFnYXppblwvd3AtY29udGVudFwvdXBsb2Fkc1wvMjAyNVwvMTFcL2hvbHphcnQtc2hlZXNoYW0tMi5qcGciLCJzbGlkZXNob3ciOiI5YzBkNGY0In0%3D\">\n\t\t\t\t\t<div class=\"e-gallery-image elementor-gallery-item__image\" data-thumbnail=\"https:\/\/massivart.de\/magazin\/wp-content\/uploads\/2025\/11\/holzart-sheesham-2.jpg\" data-width=\"525\" data-height=\"334\" aria-label=\"Holzart Sheesham MassivArt Text\" role=\"img\" ><\/div>\n\t\t\t\t\t\t\t\t\t\t\t<div class=\"elementor-gallery-item__overlay\"><\/div>\n\t\t\t\t\t\t\t\t\t\t\t\t\t\t<\/a>\n\t\t\t\t\t\t\t<a class=\"e-gallery-item elementor-gallery-item elementor-animated-content\" href=\"https:\/\/massivart.de\/magazin\/wp-content\/uploads\/2025\/11\/holzart-wildeiche-2.jpg\" data-elementor-open-lightbox=\"yes\" data-elementor-lightbox-slideshow=\"9c0d4f4\" data-elementor-lightbox-title=\"holzart-wildeiche-2\" data-e-action-hash=\"#elementor-action%3Aaction%3Dlightbox%26settings%3DeyJpZCI6MTY3NiwidXJsIjoiaHR0cHM6XC9cL21hc3NpdmFydC5kZVwvbWFnYXppblwvd3AtY29udGVudFwvdXBsb2Fkc1wvMjAyNVwvMTFcL2hvbHphcnQtd2lsZGVpY2hlLTIuanBnIiwic2xpZGVzaG93IjoiOWMwZDRmNCJ9\">\n\t\t\t\t\t<div class=\"e-gallery-image elementor-gallery-item__image\" data-thumbnail=\"https:\/\/massivart.de\/magazin\/wp-content\/uploads\/2025\/11\/holzart-wildeiche-2.jpg\" data-width=\"525\" data-height=\"334\" aria-label=\"Holzart Wildeiche MassivArt Text\" role=\"img\" ><\/div>\n\t\t\t\t\t\t\t\t\t\t\t<div class=\"elementor-gallery-item__overlay\"><\/div>\n\t\t\t\t\t\t\t\t\t\t\t\t\t\t<\/a>\n\t\t\t\t\t<\/div>\n\t\t\t\t\t<\/div>\n\t\t\t\t<\/div>\n\t\t\t\t<div class=\"elementor-element elementor-element-3c7c0c9 elementor-widget elementor-widget-text-editor\" data-id=\"3c7c0c9\" data-element_type=\"widget\" data-e-type=\"widget\" data-widget_type=\"text-editor.default\">\n\t\t\t\t<div class=\"elementor-widget-container\">\n\t\t\t\t\t\t\t\t\t<h5>Form: Welche Tischform ist die richtige?<\/h5><ul><li>Ein <strong>runder<\/strong> <strong>Couchtisch <\/strong>sorgt f\u00fcr eine weiche, harmonische Optik und ist ideal f\u00fcr kleinere R\u00e4ume.<\/li><li>Ein <strong>eckig<\/strong> geschnittener Tisch bietet viel Ablagefl\u00e4che und passt gut zu modernen Sofalandschaften.<\/li><li>Ovale Modelle oder asymmetrische Varianten setzen stilvolle Akzente.<\/li><\/ul><h5>Funktionalit\u00e4t: Brauchen Sie mehr als eine Ablagefl\u00e4che?<\/h5><p>Bei der Wahl eines Couchtisches spielt die <strong>Funktionalit\u00e4t<\/strong> eine entscheidende Rolle. \u00dcberlegen Sie, ob Sie mehr als eine Ablagefl\u00e4che ben\u00f6tigen, um Ihren Wohnraum optimal zu nutzen. Ein Couchtisch mit <strong>Schublade<\/strong> bietet praktischen <strong>zus\u00e4tzlichen Stauraum<\/strong>, in dem Sie kleine Alltagsgegenst\u00e4nde wie Fernbedienungen, Zeitschriften oder Untersetzer ordentlich verstauen k\u00f6nnen. Wenn Sie besonderen Wert auf Flexibilit\u00e4t legen, sind <strong>h\u00f6henverstellbare Modelle<\/strong> eine ideale L\u00f6sung. Sie lassen sich je nach Bedarf anpassen und k\u00f6nnen sowohl als klassische Ablagefl\u00e4che als auch als bequeme Arbeits- oder Esstisch-Alternative genutzt werden. <strong>Zweistufige oder modulare Tische<\/strong> bieten ebenfalls vielseitige M\u00f6glichkeiten: Sie schaffen variablen Platz und lassen sich flexibel arrangieren, um sich perfekt an Ihre Wohnsituation anzupassen.<\/p>\t\t\t\t\t\t\t\t<\/div>\n\t\t\t\t<\/div>\n\t\t\t\t<div class=\"elementor-element elementor-element-58134b2d elementor-widget elementor-widget-heading\" data-id=\"58134b2d\" data-element_type=\"widget\" data-e-type=\"widget\" data-widget_type=\"heading.default\">\n\t\t\t\t<div class=\"elementor-widget-container\">\n\t\t\t\t\t<h2 class=\"elementor-heading-title elementor-size-default\">Praktische Tipps zur Pflege und Reinigung von Massivholz Couchtischen<\/h2>\t\t\t\t<\/div>\n\t\t\t\t<\/div>\n\t\t\t\t<div class=\"elementor-element elementor-element-711cbd21 elementor-widget elementor-widget-text-editor\" data-id=\"711cbd21\" data-element_type=\"widget\" data-e-type=\"widget\" data-widget_type=\"text-editor.default\">\n\t\t\t\t<div class=\"elementor-widget-container\">\n\t\t\t\t\t\t\t\t\t<p>Damit Ihr hochwertiger\u00a0<strong>Couchtisch aus Massivholz<\/strong> lange sch\u00f6n bleibt, ben\u00f6tigt er die richtige Pflege. Die wichtigsten Pflegetipps haben wir hier f\u00fcr Sie zusammengestellt:<\/p><ul><li><strong>Regelm\u00e4\u00dfige Reinigung<\/strong>: Verwenden Sie ein leicht angefeuchtetes Tuch, um Staub zu entfernen. Vermeiden Sie aggressive Reinigungsmittel, die das Holz angreifen k\u00f6nnten.<\/li><li><strong>Flecken entfernen<\/strong>: Wasser- und Fettflecken lassen sich mit Natron oder speziellen Holzpflege\u00f6len entfernen. Ein leichtes Abschleifen kann hartn\u00e4ckige Verunreinigungen beseitigen.<\/li><li><strong>Holzschutz<\/strong>: Eine regelm\u00e4\u00dfige Behandlung mit Holz\u00f6l oder Wachs sch\u00fctzt die Oberfl\u00e4che und verst\u00e4rkt die nat\u00fcrliche Maserung.<\/li><\/ul>\t\t\t\t\t\t\t\t<\/div>\n\t\t\t\t<\/div>\n\t\t\t\t<div class=\"elementor-element elementor-element-e8cdbe1 elementor-widget elementor-widget-heading\" data-id=\"e8cdbe1\" data-element_type=\"widget\" data-e-type=\"widget\" data-widget_type=\"heading.default\">\n\t\t\t\t<div class=\"elementor-widget-container\">\n\t\t\t\t\t<h2 class=\"elementor-heading-title elementor-size-default\">H\u00e4ufig gestellte Fragen<\/h2>\t\t\t\t<\/div>\n\t\t\t\t<\/div>\n\t\t<div class=\"elementor-element elementor-element-e15f79c e-flex e-con-boxed e-con e-parent\" data-id=\"e15f79c\" data-element_type=\"container\" data-e-type=\"container\">\n\t\t\t\t\t<div class=\"e-con-inner\">\n\t\t\t\t<div class=\"elementor-element elementor-element-6713c79 elementor-widget__width-initial elementor-absolute elementor-widget elementor-widget-image\" data-id=\"6713c79\" data-element_type=\"widget\" data-e-type=\"widget\" data-settings=\"{&quot;_position&quot;:&quot;absolute&quot;}\" data-widget_type=\"image.default\">\n\t\t\t\t<div class=\"elementor-widget-container\">\n\t\t\t\t\t\t\t\t\t\t\t\t\t\t\t<img decoding=\"async\" width=\"800\" height=\"600\" src=\"https:\/\/massivart.de\/magazin\/wp-content\/uploads\/2025\/11\/faq-massivart.jpg\" class=\"attachment-large size-large wp-image-1680\" alt=\"FAQ Holzbl\u00f6cke MassivArt\" srcset=\"https:\/\/massivart.de\/magazin\/wp-content\/uploads\/2025\/11\/faq-massivart.jpg 800w, https:\/\/massivart.de\/magazin\/wp-content\/uploads\/2025\/11\/faq-massivart-300x225.jpg 300w, https:\/\/massivart.de\/magazin\/wp-content\/uploads\/2025\/11\/faq-massivart-768x576.jpg 768w\" sizes=\"(max-width: 800px) 100vw, 800px\" \/>\t\t\t\t\t\t\t\t\t\t\t\t\t\t\t<\/div>\n\t\t\t\t<\/div>\n\t\t\t\t<div class=\"elementor-element elementor-element-69301cf elementor-widget__width-initial elementor-widget elementor-widget-text-editor\" data-id=\"69301cf\" data-element_type=\"widget\" data-e-type=\"widget\" data-widget_type=\"text-editor.default\">\n\t\t\t\t<div class=\"elementor-widget-container\">\n\t\t\t\t\t\t\t\t\t<p><strong>Welches Holz eignet sich f\u00fcr einen Couchtisch?<\/strong><\/p><p>Massivh\u00f6lzer wie Eiche, Akazie oder Nussbaum sind besonders beliebt, da sie langlebig und robust sind. W\u00e4hrend Eiche und Akazie f\u00fcr eine rustikale Optik sorgen, bringt Nussbaum eine edle Note in den Wohnraum. Wer ein besonders individuelles M\u00f6belst\u00fcck sucht, kann sich f\u00fcr Wildeiche entscheiden, da sie mit ihrer einzigartigen Maserung jedes St\u00fcck zu einem Unikat macht.<\/p><p><strong>Wie bekommt man Flecken aus einem Couchtisch aus Holz?<\/strong><\/p><p>Flecken lassen sich oft mit einfachen Hausmitteln entfernen. Ein Mix aus Natron und Wasser hilft gegen Wasserflecken, w\u00e4hrend \u00d6l- oder Fettflecken mit Speisest\u00e4rke oder Zitronensaft behandelt werden k\u00f6nnen. Bei tiefen Flecken kann vorsichtiges Abschleifen und Nach\u00f6len das Holz wieder wie neu aussehen lassen.<\/p><p><strong>Kann ich meinen Couchtisch aus Holz lackieren?<\/strong><\/p><p>Ja, ein <strong>Couchtisch aus Massivholz<\/strong> kann neu lackiert oder ge\u00f6lt werden. Vor dem Lackieren sollte die Oberfl\u00e4che angeschliffen und von Staub befreit werden. Eine Lasur erh\u00e4lt die Holzstruktur, w\u00e4hrend eine deckende Lackierung das Holz in einer neuen Farbe erscheinen l\u00e4sst.<\/p>\t\t\t\t\t\t\t\t<\/div>\n\t\t\t\t<\/div>\n\t\t\t\t\t<\/div>\n\t\t\t\t<\/div>\n\t\t\t\t<div class=\"elementor-element elementor-element-32698d1 elementor-widget elementor-widget-heading\" data-id=\"32698d1\" data-element_type=\"widget\" data-e-type=\"widget\" data-widget_type=\"heading.default\">\n\t\t\t\t<div class=\"elementor-widget-container\">\n\t\t\t\t\t<h2 class=\"elementor-heading-title elementor-size-default\">Fazit<\/h2>\t\t\t\t<\/div>\n\t\t\t\t<\/div>\n\t\t\t\t<div class=\"elementor-element elementor-element-d6f6255 elementor-widget elementor-widget-text-editor\" data-id=\"d6f6255\" data-element_type=\"widget\" data-e-type=\"widget\" data-widget_type=\"text-editor.default\">\n\t\t\t\t<div class=\"elementor-widget-container\">\n\t\t\t\t\t\t\t\t\t<p>Ein <strong>Couchtisch aus Massiv-Holz<\/strong> ist eine stilvolle und langlebige Erg\u00e4nzung f\u00fcr jede Couchgarnitur. Dank der Vielfalt an Formen, Materialien und Funktionen findet sich f\u00fcr jeden Wohnstil das passende Modell. Besonders beliebt sind <a href=\"https:\/\/massivart.de\/couchtische\/?order=reihenfolge&amp;p=1&amp;properties=d31e4c1776fc48e2b19d7a22a91a9a8c\"><strong>Couchtische aus Massivholz Mango <\/strong><\/a>oder in Eiche oder Akazie, die mit ihrer nat\u00fcrlichen Optik begeistern.<\/p><p>Achten Sie bei der Auswahl auf Gr\u00f6\u00dfe, Form und Funktionalit\u00e4t \u2013 ob ein <strong>Couchtisch in rund<\/strong>, rechteckig oder mit zus\u00e4tzlichen Schubladen. Mit der richtigen Pflege bleibt Ihr Tisch \u00fcber Jahre hinweg ein Highlight in Ihrem Wohnzimmer.<\/p><p>Sie sind auf der Suche nach dem perfekten Couchtisch? Lassen Sie sich inspirieren und entdecken Sie<strong> <a href=\"https:\/\/massivart.de\/couchtische\/\">unsere stilvollen Modelle<\/a> <\/strong>aus hochwertigem Massivholz!<\/p>\t\t\t\t\t\t\t\t<\/div>\n\t\t\t\t<\/div>\n\t\t\t\t<div class=\"elementor-element elementor-element-7b102cd6 elementor-widget elementor-widget-text-editor\" data-id=\"7b102cd6\" data-element_type=\"widget\" data-e-type=\"widget\" data-widget_type=\"text-editor.default\">\n\t\t\t\t<div class=\"elementor-widget-container\">\n\t\t\t\t\t\t\t\t\t<p>Bildnachweis: \u00a9 Followtheflow\/Shutterstock<\/p>\t\t\t\t\t\t\t\t<\/div>\n\t\t\t\t<\/div>\n\t\t<div class=\"elementor-element elementor-element-b5226c4 e-flex e-con-boxed e-con e-parent\" data-id=\"b5226c4\" data-element_type=\"container\" data-e-type=\"container\">\n\t\t\t\t\t<div class=\"e-con-inner\">\n\t\t\t\t<div class=\"elementor-element elementor-element-e2bb68e elementor-author-box--layout-image-left elementor-author-box--align-left elementor-author-box--image-valign-middle elementor-widget elementor-widget-author-box\" data-id=\"e2bb68e\" data-element_type=\"widget\" data-e-type=\"widget\" data-widget_type=\"author-box.default\">\n\t\t\t\t<div class=\"elementor-widget-container\">\n\t\t\t\t\t\t\t<div class=\"elementor-author-box\">\n\t\t\t\t\t\t\t<div  class=\"elementor-author-box__avatar\">\n\t\t\t\t\t<img decoding=\"async\" src=\"https:\/\/massivart.de\/magazin\/wp-content\/uploads\/2025\/05\/Massivart-Magazin-Avatar-2-wohnen-1-227x300.jpg\" alt=\"Bild von Clara Hoffmann\" loading=\"lazy\">\n\t\t\t\t<\/div>\n\t\t\t\n\t\t\t<div class=\"elementor-author-box__text\">\n\t\t\t\t\t\t\t\t\t<div >\n\t\t\t\t\t\t<h4 class=\"elementor-author-box__name\">\n\t\t\t\t\t\t\tClara Hoffmann\t\t\t\t\t\t<\/h4>\n\t\t\t\t\t<\/div>\n\t\t\t\t\n\t\t\t\t\t\t\t\t\t<div class=\"elementor-author-box__bio\">\n\t\t\t\t\t\t<p>Clara Hoffmann ist unsere Stimme f\u00fcr Wohngef\u00fchl und Atmosph\u00e4re \u2013 und als Autorin im MassivArt-Magazin immer auf der Suche nach dem gewissen Etwas, das aus einem Raum ein Zuhause macht. Mit ihrem feinen Gesp\u00fcr f\u00fcr Stimmungen, Materialien und Farben bringt sie die Emotionen hinter dem Einrichten auf den Punkt. In ihren Beitr\u00e4gen verbindet sie Trends mit Zeitlosigkeit und zeigt, wie R\u00e4ume W\u00e4rme, Pers\u00f6nlichkeit und Charakter ausstrahlen k\u00f6nnen.<\/p>\n\t\t\t\t\t<\/div>\n\t\t\t\t\n\t\t\t\t\t\t\t<\/div>\n\t\t<\/div>\n\t\t\t\t\t\t<\/div>\n\t\t\t\t<\/div>\n\t\t\t\t\t<\/div>\n\t\t\t\t<\/div>\n\t\t\t\t\t<\/div>\n\t\t<\/div>\n\t\t\t\t\t<\/div>\n\t\t<\/section>\n\t\t\t\t<\/div>\n\t\t","protected":false},"excerpt":{"rendered":"<p>Rund, eckig oder oval &#8211; entdecken Sie unsere Tipps und Tricks f\u00fcr die Auswahl Ihres neuen Wohnzimmertisches<\/p>\n","protected":false},"author":1,"featured_media":15,"comment_status":"closed","ping_status":"closed","sticky":false,"template":"","format":"standard","meta":{"footnotes":""},"categories":[1,8],"tags":[],"class_list":["post-545","post","type-post","status-publish","format-standard","has-post-thumbnail","hentry","category-allgemein","category-wohnen"],"_links":{"self":[{"href":"https:\/\/massivart.de\/magazin\/wp-json\/wp\/v2\/posts\/545","targetHints":{"allow":["GET"]}}],"collection":[{"href":"https:\/\/massivart.de\/magazin\/wp-json\/wp\/v2\/posts"}],"about":[{"href":"https:\/\/massivart.de\/magazin\/wp-json\/wp\/v2\/types\/post"}],"author":[{"embeddable":true,"href":"https:\/\/massivart.de\/magazin\/wp-json\/wp\/v2\/users\/1"}],"replies":[{"embeddable":true,"href":"https:\/\/massivart.de\/magazin\/wp-json\/wp\/v2\/comments?post=545"}],"version-history":[{"count":130,"href":"https:\/\/massivart.de\/magazin\/wp-json\/wp\/v2\/posts\/545\/revisions"}],"predecessor-version":[{"id":2716,"href":"https:\/\/massivart.de\/magazin\/wp-json\/wp\/v2\/posts\/545\/revisions\/2716"}],"wp:featuredmedia":[{"embeddable":true,"href":"https:\/\/massivart.de\/magazin\/wp-json\/wp\/v2\/media\/15"}],"wp:attachment":[{"href":"https:\/\/massivart.de\/magazin\/wp-json\/wp\/v2\/media?parent=545"}],"wp:term":[{"taxonomy":"category","embeddable":true,"href":"https:\/\/massivart.de\/magazin\/wp-json\/wp\/v2\/categories?post=545"},{"taxonomy":"post_tag","embeddable":true,"href":"https:\/\/massivart.de\/magazin\/wp-json\/wp\/v2\/tags?post=545"}],"curies":[{"name":"wp","href":"https:\/\/api.w.org\/{rel}","templated":true}]}}