{"id":3255,"date":"2025-10-24T11:20:57","date_gmt":"2025-10-24T09:20:57","guid":{"rendered":"https:\/\/massivart.de\/magazin\/?p=3255"},"modified":"2025-10-09T08:38:14","modified_gmt":"2025-10-09T06:38:14","slug":"hygge-im-herbst-skandinavische-wohnideen-mit-massivholz","status":"publish","type":"post","link":"https:\/\/massivart.de\/magazin\/hygge-im-herbst-skandinavische-wohnideen-mit-massivholz\/","title":{"rendered":"Hygge im Herbst \u2013 skandinavische Wohnideen mit Massivholz"},"content":{"rendered":"\t\t<div data-elementor-type=\"wp-post\" data-elementor-id=\"3255\" class=\"elementor elementor-3255\" data-elementor-post-type=\"post\">\n\t\t\t\t<div class=\"elementor-element elementor-element-1985f394 e-flex e-con-boxed e-con e-parent\" data-id=\"1985f394\" data-element_type=\"container\" data-e-type=\"container\">\n\t\t\t\t\t<div class=\"e-con-inner\">\n\t\t\t\t<div class=\"elementor-element elementor-element-318eafe3 elementor-widget elementor-widget-global elementor-global-608 elementor-widget-html\" data-id=\"318eafe3\" data-element_type=\"widget\" data-e-type=\"widget\" data-widget_type=\"html.default\">\n\t\t\t\t<div class=\"elementor-widget-container\">\n\t\t\t\t\t<nav aria-label=\"breadcrumbs\" class=\"rank-math-breadcrumb\"><p><span class=\"last\">Home<\/span><\/p><\/nav>\t\t\t\t<\/div>\n\t\t\t\t<\/div>\n\t\t\t\t\t<\/div>\n\t\t\t\t<\/div>\n\t\t\t\t<section class=\"elementor-section elementor-top-section elementor-element elementor-element-4afc2c84 elementor-section-boxed elementor-section-height-default elementor-section-height-default\" data-id=\"4afc2c84\" data-element_type=\"section\" data-e-type=\"section\" data-settings=\"{&quot;background_background&quot;:&quot;classic&quot;}\">\n\t\t\t\t\t\t<div class=\"elementor-container elementor-column-gap-default\">\n\t\t\t\t\t<div class=\"elementor-column elementor-col-100 elementor-top-column elementor-element elementor-element-6544852b\" data-id=\"6544852b\" data-element_type=\"column\" data-e-type=\"column\">\n\t\t\t<div class=\"elementor-widget-wrap elementor-element-populated\">\n\t\t\t\t\t\t<div class=\"elementor-element elementor-element-2e51ab35 elementor-widget elementor-widget-theme-post-featured-image elementor-widget-image\" data-id=\"2e51ab35\" data-element_type=\"widget\" data-e-type=\"widget\" data-widget_type=\"theme-post-featured-image.default\">\n\t\t\t\t<div class=\"elementor-widget-container\">\n\t\t\t\t\t\t\t\t\t\t\t\t\t\t\t<img fetchpriority=\"high\" decoding=\"async\" width=\"1120\" height=\"400\" src=\"https:\/\/massivart.de\/magazin\/wp-content\/uploads\/2025\/10\/hygge-herbst-massivholz-banner-massivart.jpg\" class=\"attachment-full size-full wp-image-3256\" alt=\"Hygge im Herbst MassivArt\" srcset=\"https:\/\/massivart.de\/magazin\/wp-content\/uploads\/2025\/10\/hygge-herbst-massivholz-banner-massivart.jpg 1120w, https:\/\/massivart.de\/magazin\/wp-content\/uploads\/2025\/10\/hygge-herbst-massivholz-banner-massivart-300x107.jpg 300w, https:\/\/massivart.de\/magazin\/wp-content\/uploads\/2025\/10\/hygge-herbst-massivholz-banner-massivart-1024x366.jpg 1024w, https:\/\/massivart.de\/magazin\/wp-content\/uploads\/2025\/10\/hygge-herbst-massivholz-banner-massivart-768x274.jpg 768w\" sizes=\"(max-width: 1120px) 100vw, 1120px\" \/>\t\t\t\t\t\t\t\t\t\t\t\t\t\t\t<\/div>\n\t\t\t\t<\/div>\n\t\t\t\t\t<\/div>\n\t\t<\/div>\n\t\t\t\t\t<\/div>\n\t\t<\/section>\n\t\t\t\t<section class=\"elementor-section elementor-top-section elementor-element elementor-element-10cc6210 elementor-section-boxed elementor-section-height-default elementor-section-height-default\" data-id=\"10cc6210\" data-element_type=\"section\" data-e-type=\"section\" data-settings=\"{&quot;background_background&quot;:&quot;classic&quot;}\">\n\t\t\t\t\t\t<div class=\"elementor-container elementor-column-gap-default\">\n\t\t\t\t\t<div class=\"elementor-column elementor-col-100 elementor-top-column elementor-element elementor-element-7d7869ca\" data-id=\"7d7869ca\" data-element_type=\"column\" data-e-type=\"column\">\n\t\t\t<div class=\"elementor-widget-wrap elementor-element-populated\">\n\t\t\t\t\t\t<div class=\"elementor-element elementor-element-41bc200b elementor-widget elementor-widget-global elementor-global-381 elementor-widget-theme-post-title\" data-id=\"41bc200b\" data-element_type=\"widget\" data-e-type=\"widget\" data-widget_type=\"theme-post-title.default\">\n\t\t\t\t<div class=\"elementor-widget-container\">\n\t\t\t\t\t<h1 class=\"elementor-heading-title elementor-size-default\">Hygge im Herbst \u2013 skandinavische Wohnideen mit Massivholz<\/h1>\t\t\t\t<\/div>\n\t\t\t\t<\/div>\n\t\t\t\t<div class=\"elementor-element elementor-element-1b41ceb0 elementor-widget elementor-widget-global elementor-global-384 elementor-widget-post-info\" data-id=\"1b41ceb0\" data-element_type=\"widget\" data-e-type=\"widget\" data-widget_type=\"post-info.default\">\n\t\t\t\t<div class=\"elementor-widget-container\">\n\t\t\t\t\t\t\t<ul class=\"elementor-inline-items elementor-icon-list-items elementor-post-info\">\n\t\t\t\t\t\t\t\t<li class=\"elementor-icon-list-item elementor-repeater-item-51f8952 elementor-inline-item\" itemprop=\"datePublished\">\n\t\t\t\t\t\t<a href=\"https:\/\/massivart.de\/magazin\/2025\/10\/24\/\">\n\t\t\t\t\t\t\t\t\t\t\t<span class=\"elementor-icon-list-icon\">\n\t\t\t\t\t\t\t\t<svg aria-hidden=\"true\" class=\"e-font-icon-svg e-far-calendar-alt\" viewBox=\"0 0 448 512\" xmlns=\"http:\/\/www.w3.org\/2000\/svg\"><path d=\"M148 288h-40c-6.6 0-12-5.4-12-12v-40c0-6.6 5.4-12 12-12h40c6.6 0 12 5.4 12 12v40c0 6.6-5.4 12-12 12zm108-12v-40c0-6.6-5.4-12-12-12h-40c-6.6 0-12 5.4-12 12v40c0 6.6 5.4 12 12 12h40c6.6 0 12-5.4 12-12zm96 0v-40c0-6.6-5.4-12-12-12h-40c-6.6 0-12 5.4-12 12v40c0 6.6 5.4 12 12 12h40c6.6 0 12-5.4 12-12zm-96 96v-40c0-6.6-5.4-12-12-12h-40c-6.6 0-12 5.4-12 12v40c0 6.6 5.4 12 12 12h40c6.6 0 12-5.4 12-12zm-96 0v-40c0-6.6-5.4-12-12-12h-40c-6.6 0-12 5.4-12 12v40c0 6.6 5.4 12 12 12h40c6.6 0 12-5.4 12-12zm192 0v-40c0-6.6-5.4-12-12-12h-40c-6.6 0-12 5.4-12 12v40c0 6.6 5.4 12 12 12h40c6.6 0 12-5.4 12-12zm96-260v352c0 26.5-21.5 48-48 48H48c-26.5 0-48-21.5-48-48V112c0-26.5 21.5-48 48-48h48V12c0-6.6 5.4-12 12-12h40c6.6 0 12 5.4 12 12v52h128V12c0-6.6 5.4-12 12-12h40c6.6 0 12 5.4 12 12v52h48c26.5 0 48 21.5 48 48zm-48 346V160H48v298c0 3.3 2.7 6 6 6h340c3.3 0 6-2.7 6-6z\"><\/path><\/svg>\t\t\t\t\t\t\t<\/span>\n\t\t\t\t\t\t\t\t\t<span class=\"elementor-icon-list-text elementor-post-info__item elementor-post-info__item--type-date\">\n\t\t\t\t\t\t\t\t\t\t<time>Oktober 24, 2025<\/time>\t\t\t\t\t<\/span>\n\t\t\t\t\t\t\t\t\t<\/a>\n\t\t\t\t<\/li>\n\t\t\t\t<\/ul>\n\t\t\t\t\t\t<\/div>\n\t\t\t\t<\/div>\n\t\t\t\t<div class=\"elementor-element elementor-element-79161418 elementor-widget-divider--view-line elementor-widget elementor-widget-divider\" data-id=\"79161418\" data-element_type=\"widget\" data-e-type=\"widget\" data-widget_type=\"divider.default\">\n\t\t\t\t<div class=\"elementor-widget-container\">\n\t\t\t\t\t\t\t<div class=\"elementor-divider\">\n\t\t\t<span class=\"elementor-divider-separator\">\n\t\t\t\t\t\t<\/span>\n\t\t<\/div>\n\t\t\t\t\t\t<\/div>\n\t\t\t\t<\/div>\n\t\t\t\t<div class=\"elementor-element elementor-element-19251d90 elementor-widget elementor-widget-text-editor\" data-id=\"19251d90\" data-element_type=\"widget\" data-e-type=\"widget\" data-widget_type=\"text-editor.default\">\n\t\t\t\t<div class=\"elementor-widget-container\">\n\t\t\t\t\t\t\t\t\t<p>Wenn wir an <strong>Herbst Wohnideen<\/strong> denken, haben wir sofort Bilder von warmen Decken, Kerzenlicht und gem\u00fctlichen R\u00e4umen vor Augen. Der Herbst l\u00e4dt uns ein, unser Zuhause in einen R\u00fcckzugsort zu verwandeln, in dem man sich wohlf\u00fchlt und gern verweilt. <strong>Herbst Wohnideen<\/strong> bedeutet: R\u00e4ume so gestalten, dass sie W\u00e4rme, Behaglichkeit und Geborgenheit ausstrahlen. In diesem Ratgeber entdecken Sie, wie Sie mit <strong>Skandinavisch wohnen<\/strong>, <strong>Massivholz M\u00f6bel<\/strong> und <strong>Nat\u00fcrliches Holz<\/strong> eine gem\u00fctliche Atmosph\u00e4re schaffen. Au\u00dferdem lernen Sie, wie <strong>Hygge Wohnstil Ideen<\/strong> und <strong>Gem\u00fctliche Textilien f\u00fcr herbstliches Hygge<\/strong> Ihren Raum verwandeln \u2013 f\u00fcr Sie selbst und f\u00fcr G\u00e4ste.<\/p><p>Wir von <span style=\"color: #008000;\"><strong><a style=\"color: #008000;\" href=\"https:\/\/massivart.de\/\">MassivArt<\/a><\/strong><\/span> schauen uns an:<\/p><ul><li>Welche Probleme oft auftreten, wenn man ein Zuhause in Herbst und Hygge-Stil gestalten will \u2013 und wie man sie l\u00f6st.<\/li><li>Was \u201eHygge\u201c bedeutet und wie der <strong>Skandi Style<\/strong>, mit seinen Merkmalen, perfekt zum Herbst passt.<\/li><li>Praktische Tipps, damit Ihre Einrichtung nicht nur sch\u00f6n aussieht, sondern auch funktional und nachhaltig ist \u2013 inklusive Beleuchtung mit <strong>warmes Licht<\/strong>, Textilien, M\u00f6belwahl und Dekoration.<\/li><\/ul><p>Am Ende beantworten wir wichtige Fragen: Warum ist der <strong>skandinavische Wohnstil<\/strong> so beliebt? Welche Vorteile haben <a href=\"https:\/\/massivart.de\/massivholzmoebel\/\"><strong>Massivholzm\u00f6bel<\/strong> <\/a>gegen\u00fcber anderen Materialien? Lassen Sie sich inspirieren \u2013 und gestalten Sie Ihre eigenen Herbst Wohnideen, die W\u00e4rme und Gem\u00fctlichkeit ins Haus bringen. Machen Sie mit, entdecken Sie clevere Gestaltungsideen \u2013 und verwandeln Sie Ihr Zuhause in einen besonderen Treffpunkt f\u00fcr diese Jahreszeit.<\/p>\t\t\t\t\t\t\t\t<\/div>\n\t\t\t\t<\/div>\n\t\t\t\t<div class=\"elementor-element elementor-element-6a1e075a elementor-toc--minimized-on-none elementor-widget elementor-widget-global elementor-global-378 elementor-widget-table-of-contents\" data-id=\"6a1e075a\" data-element_type=\"widget\" data-e-type=\"widget\" data-settings=\"{&quot;headings_by_tags&quot;:[&quot;h2&quot;,&quot;h4&quot;],&quot;exclude_headings_by_selector&quot;:[],&quot;minimized_on&quot;:&quot;none&quot;,&quot;no_headings_message&quot;:&quot;No headings were found on this page.&quot;,&quot;min_height&quot;:{&quot;unit&quot;:&quot;px&quot;,&quot;size&quot;:0,&quot;sizes&quot;:[]},&quot;marker_view&quot;:&quot;numbers&quot;,&quot;minimize_box&quot;:&quot;yes&quot;,&quot;hierarchical_view&quot;:&quot;yes&quot;,&quot;min_height_tablet&quot;:{&quot;unit&quot;:&quot;px&quot;,&quot;size&quot;:&quot;&quot;,&quot;sizes&quot;:[]},&quot;min_height_mobile&quot;:{&quot;unit&quot;:&quot;px&quot;,&quot;size&quot;:&quot;&quot;,&quot;sizes&quot;:[]}}\" data-widget_type=\"table-of-contents.default\">\n\t\t\t\t<div class=\"elementor-widget-container\">\n\t\t\t\t\t\t\t\t\t<div class=\"elementor-toc__header\">\n\t\t\t\t\t\t\t\t\t\t<div class=\"elementor-toc__toggle-button elementor-toc__toggle-button--expand\" role=\"button\" tabindex=\"0\" aria-controls=\"elementor-toc__6a1e075a\" aria-expanded=\"true\" aria-label=\"Inhaltsverzeichnis \u00f6ffnen\"><\/div>\n\t\t\t\t<div class=\"elementor-toc__toggle-button elementor-toc__toggle-button--collapse\" role=\"button\" tabindex=\"0\" aria-controls=\"elementor-toc__6a1e075a\" aria-expanded=\"true\" aria-label=\"Inhaltsverzeichnis schlie\u00dfen\"><\/div>\n\t\t\t\t\t<\/div>\n\t\t\t\t<div id=\"elementor-toc__6a1e075a\" class=\"elementor-toc__body\">\n\t\t\t<div class=\"elementor-toc__spinner-container\">\n\t\t\t\t<svg class=\"elementor-toc__spinner eicon-animation-spin e-font-icon-svg e-eicon-loading\" aria-hidden=\"true\" viewBox=\"0 0 1000 1000\" xmlns=\"http:\/\/www.w3.org\/2000\/svg\"><path d=\"M500 975V858C696 858 858 696 858 500S696 142 500 142 142 304 142 500H25C25 237 238 25 500 25S975 237 975 500 763 975 500 975Z\"><\/path><\/svg>\t\t\t<\/div>\n\t\t<\/div>\n\t\t\t\t\t\t<\/div>\n\t\t\t\t<\/div>\n\t\t\t\t<div class=\"elementor-element elementor-element-14679132 elementor-widget elementor-widget-heading\" data-id=\"14679132\" data-element_type=\"widget\" data-e-type=\"widget\" data-widget_type=\"heading.default\">\n\t\t\t\t<div class=\"elementor-widget-container\">\n\t\t\t\t\t<h2 class=\"elementor-heading-title elementor-size-default\">Was ist das Problem? Warum fehlt oft die Behaglichkeit im Herbst?<\/h2>\t\t\t\t<\/div>\n\t\t\t\t<\/div>\n\t\t\t\t<div class=\"elementor-element elementor-element-2408f49a elementor-widget elementor-widget-text-editor\" data-id=\"2408f49a\" data-element_type=\"widget\" data-e-type=\"widget\" data-widget_type=\"text-editor.default\">\n\t\t\t\t<div class=\"elementor-widget-container\">\n\t\t\t\t\t\t\t\t\t<p>Manchmal f\u00fchlen sich R\u00e4ume im Herbst kalt, leer oder unpers\u00f6nlich an. Die Sonneneinstrahlung nimmt ab, drau\u00dfen ist es k\u00fchler \u2013 und trotzdem wirkt das Wohnzimmer noch k\u00fchl und wenig einladend. Menschen haben oft Schwierigkeiten, <strong>Wohnideen<\/strong> zu finden, die beides vereinen: Stil und W\u00e4rme. Einige Herausforderungen:<\/p><ul><li>Materialien wie Metall oder Glas reflektieren Licht, statt es weich zu streuen.<\/li><li>Kunststoffm\u00f6bel wirken k\u00fchl und wenig nat\u00fcrlich.<\/li><li>Lichtquellen sind oft rein funktional statt atmosph\u00e4risch.<\/li><li>Dekoration und Textilien fehlen oder sind unpassend f\u00fcr die kalte Jahreszeit.<\/li><\/ul><p>Die L\u00f6sung liegt darin, bewusst Elemente einzubauen, die <strong>Gem\u00fctlichkeit<\/strong> f\u00f6rdern und Natur sowie W\u00e4rme ins Haus holen. Dazu geh\u00f6ren <strong>Massivholz M\u00f6bel<\/strong>, die Haptik und W\u00e4rme vermitteln, sowie <strong>Nat\u00fcrliches Holz<\/strong> f\u00fcr Oberfl\u00e4chen und M\u00f6bel. Auch der <strong>Skandi Style<\/strong> setzt auf klare Linien, aber mit Sinn f\u00fcrs W\u00e4rmegef\u00fchl: Farben wie Creme, Sand oder warmes Grau, <strong>warmes Licht<\/strong>, weiche Decken und Kissen, Kerzenlicht und gem\u00fctliche Textilien.<\/p><p>Wenn Sie Ihre R\u00e4ume gezielt gestalten \u2013 M\u00f6bel, Licht, Materialien und Accessoires \u2013 wird Ihr Zuhause ein echter Treffpunkt. G\u00e4ste f\u00fchlen sich willkommen, die Stimmung wird ruhig und behaglich. Mit den folgenden Abschnitten erfahren Sie, wie genau Sie das umsetzen k\u00f6nnen.<\/p>\t\t\t\t\t\t\t\t<\/div>\n\t\t\t\t<\/div>\n\t\t\t\t<div class=\"elementor-element elementor-element-75f002a4 elementor-widget elementor-widget-heading\" data-id=\"75f002a4\" data-element_type=\"widget\" data-e-type=\"widget\" data-widget_type=\"heading.default\">\n\t\t\t\t<div class=\"elementor-widget-container\">\n\t\t\t\t\t<h2 class=\"elementor-heading-title elementor-size-default\">Was bedeutet \u201eHygge\u201c und wie passt es in den Herbst?<\/h2>\t\t\t\t<\/div>\n\t\t\t\t<\/div>\n\t\t\t\t<div class=\"elementor-element elementor-element-f57221c elementor-widget elementor-widget-text-editor\" data-id=\"f57221c\" data-element_type=\"widget\" data-e-type=\"widget\" data-widget_type=\"text-editor.default\">\n\t\t\t\t<div class=\"elementor-widget-container\">\n\t\t\t\t\t\t\t\t\t<p>Der Begriff \u201eHygge\u201c stammt aus Skandinavien und steht f\u00fcr eine Lebenskunst: Gem\u00fctlichkeit, W\u00e4rme und das gen\u00fcssliche Verweilen. Im Herbst, wenn die Tage k\u00fcrzer und k\u00fchler werden, ist Hygge genau das, was wir brauchen \u2013 ein Gef\u00fchl der Geborgenheit, das von innen kommt. Hygge hei\u00dft nicht \u00dcberladen, sondern bewusstes Ausw\u00e4hlen: <strong>Nat\u00fcrliches Holz<\/strong> statt Kunststoff, <strong>Massivholz M\u00f6bel<\/strong> statt beschichteter Spanplatten, Kerzen statt greller Deckenleuchten, gedeckte Farben statt lauter Akzente.<\/p><p>Im <strong>Skandi Style<\/strong> wird Hygge sichtbar durch klare Formen, durch nat\u00fcrliche Materialien und eine reduzierte, aber warme Farbpalette. Es geht darum, den Raum so zu gestalten, dass er nicht \u00fcberladen wirkt, aber doch einl\u00e4dt: Ein Lieblingssessel, eine weiche Decke, ein Teppich, der den Boden warm h\u00e4lt, und Accessoires wie Kerzen oder Laternen schaffen <strong>Wohnideen<\/strong>, die zum Verweilen einladen. <strong>Gem\u00fctlichkeit<\/strong> entsteht aus dem Zusammenspiel dieser Elemente.<\/p><p><strong>Massivholz M\u00f6bel<\/strong> bringen nicht nur visuelle W\u00e4rme, sondern auch Haptik \u2013 das Gef\u00fchl, echtes Material zu ber\u00fchren. <strong>Nat\u00fcrliches Holz<\/strong> in M\u00f6beln oder Boden sorgt f\u00fcr eine organische Struktur. <strong>Warmes Licht<\/strong> durch Lampen, Kerzen oder indirekte Lichtquellen nimmt dem Raum seine H\u00e4rte und macht ihn freundlich. Hygge im Herbst hei\u00dft: R\u00e4ume schaffen, die beruhigen, die Entspannung bieten, in denen man sich gern trifft und bleibt \u2013 allein mit einer Tasse Tee oder mit Freunden um den Tisch herum.<\/p>\t\t\t\t\t\t\t\t<\/div>\n\t\t\t\t<\/div>\n\t\t\t\t<div class=\"elementor-element elementor-element-152d564 elementor-widget__width-inherit elementor-widget elementor-widget-image\" data-id=\"152d564\" data-element_type=\"widget\" data-e-type=\"widget\" data-widget_type=\"image.default\">\n\t\t\t\t<div class=\"elementor-widget-container\">\n\t\t\t\t\t\t\t\t\t\t\t\t\t\t\t<img decoding=\"async\" width=\"1300\" height=\"350\" src=\"https:\/\/massivart.de\/magazin\/wp-content\/uploads\/2025\/10\/hygge-herbst-einrichtung-massivart.jpg\" class=\"attachment-1536x1536 size-1536x1536 wp-image-3268\" alt=\"Einrichtungsstil Skandi Hygge MassivArt\" srcset=\"https:\/\/massivart.de\/magazin\/wp-content\/uploads\/2025\/10\/hygge-herbst-einrichtung-massivart.jpg 1300w, https:\/\/massivart.de\/magazin\/wp-content\/uploads\/2025\/10\/hygge-herbst-einrichtung-massivart-300x81.jpg 300w, https:\/\/massivart.de\/magazin\/wp-content\/uploads\/2025\/10\/hygge-herbst-einrichtung-massivart-1024x276.jpg 1024w, https:\/\/massivart.de\/magazin\/wp-content\/uploads\/2025\/10\/hygge-herbst-einrichtung-massivart-768x207.jpg 768w\" sizes=\"(max-width: 1300px) 100vw, 1300px\" \/>\t\t\t\t\t\t\t\t\t\t\t\t\t\t\t<\/div>\n\t\t\t\t<\/div>\n\t\t\t\t<div class=\"elementor-element elementor-element-7724f306 elementor-widget elementor-widget-heading\" data-id=\"7724f306\" data-element_type=\"widget\" data-e-type=\"widget\" data-widget_type=\"heading.default\">\n\t\t\t\t<div class=\"elementor-widget-container\">\n\t\t\t\t\t<h2 class=\"elementor-heading-title elementor-size-default\">Praktische Tipps: So gestalten Sie Ihr Zuhause hygge f\u00fcr den Herbst<\/h2>\t\t\t\t<\/div>\n\t\t\t\t<\/div>\n\t\t\t\t<div class=\"elementor-element elementor-element-532e6734 elementor-widget elementor-widget-text-editor\" data-id=\"532e6734\" data-element_type=\"widget\" data-e-type=\"widget\" data-widget_type=\"text-editor.default\">\n\t\t\t\t<div class=\"elementor-widget-container\">\n\t\t\t\t\t\t\t\t\t<p>Hier sind konkrete Ideen, wie Sie <strong>Herbst Wohnideen<\/strong> in Ihrem Zuhause umsetzen k\u00f6nnen \u2013 mit Stil, W\u00e4rme und ohne gro\u00dfen Aufwand:<\/p><ol><li><strong>Materialien bewusst w\u00e4hlen<\/strong><br \/>Setzen Sie auf M\u00f6bel aus <strong>Massivholz M\u00f6bel<\/strong> und Elemente aus <strong>Nat\u00fcrliches Holz<\/strong>. Ein Massivholztisch, Holzregale oder Boden mit Holzoptik erzeugen Behaglichkeit. Kombinieren Sie glatte Holzfl\u00e4chen mit strukturierten Materialien, das wirkt spannend und nat\u00fcrlich. Dabei spielt das Finish eine Rolle \u2013 ge\u00f6ltes oder gewachstes Holz wirkt weicher und weniger industriell.<\/li><li><strong>Farben und Textilien gezielt einsetzen<\/strong><br \/>W\u00e4hlen Sie warme T\u00f6ne wie Beige, Taupe, Rost oder Terracotta. Erg\u00e4nzen mit weichen Stoffen: <strong>Gem\u00fctliche Textilien f\u00fcr herbstliches Hygge<\/strong> wie Strickdecken, Wollkissen oder Felle. Auch Vorh\u00e4nge aus Naturfasern wie Leinen oder Baumwolle helfen, Fenster zum Schutz vor Zugluft abzudecken und zugleich sanftes Licht zu filtern.<\/li><li><strong>Beleuchtung clever gestalten<\/strong><br \/>Verwenden Sie <strong>warmes Licht<\/strong>: Tischlampen, Stehlampen mit warmen Birnen, Kerzen oder LED-Lichterketten. Vermeiden Sie grelles Deckenlicht, das Schatten wirft und Atmosph\u00e4re zerst\u00f6rt. Ideal sind mehrere Lichtquellen in einem Raum, die unterschiedlich leuchten \u2013 so entsteht Tiefe und W\u00e4rme. Eine dimmbare Lampe oder ein kleines Lichtkonzept aus mehreren Leuchten sorgt f\u00fcr Flexibilit\u00e4t.<\/li><li><strong>Dekoration und Akzente<\/strong><br \/>Kleine Details wie Laternen, Kerzenhalter aus Holz oder Keramik, nat\u00fcrliche Dekoration wie Zweige, Kastanien oder getrocknete Blumen bringen Natur ins Haus. Teppiche mit dichter Struktur helfen, Bodenfl\u00e4chen zu w\u00e4rmen. Ein Sammelsurium aus Lieblingsgegenst\u00e4nden, die Erinnerungen wecken, macht das Zuhause pers\u00f6nlich.<\/li><\/ol><p><strong>Funktionalit\u00e4t und Ordnung<\/strong><br \/>Hygge bedeutet nicht \u00dcberladen. Damit Gem\u00fctlichkeit wirkt, braucht der Raum Ordnung. Verstauraum f\u00fcr Decken, K\u00f6rbe f\u00fcr Zeitschriften, klare Fl\u00e4chen und wenig Ablenkung bringen Ruhe. M\u00f6belst\u00fccke mit Stauraum \u2013 etwa ein Massivholz-Sideboard oder eine Bank mit Deckel \u2013 verbinden Form und Funktion.<\/p>\t\t\t\t\t\t\t\t<\/div>\n\t\t\t\t<\/div>\n\t\t\t\t<div class=\"elementor-element elementor-element-69e170d2 elementor-widget elementor-widget-heading\" data-id=\"69e170d2\" data-element_type=\"widget\" data-e-type=\"widget\" data-widget_type=\"heading.default\">\n\t\t\t\t<div class=\"elementor-widget-container\">\n\t\t\t\t\t<h3 class=\"elementor-heading-title elementor-size-default\">H\u00e4ufige Fragen<\/h3>\t\t\t\t<\/div>\n\t\t\t\t<\/div>\n\t\t\t\t<div class=\"elementor-element elementor-element-5a79f6da elementor-widget elementor-widget-text-editor\" data-id=\"5a79f6da\" data-element_type=\"widget\" data-e-type=\"widget\" data-widget_type=\"text-editor.default\">\n\t\t\t\t<div class=\"elementor-widget-container\">\n\t\t\t\t\t\t\t\t\t<p><strong>Was macht den skandinavischen Wohnstil so beliebt?<\/strong><\/p><p>Der <strong>skandinavische Wohnstil<\/strong> kombiniert Schlichtheit mit W\u00e4rme \u2014 und genau das macht ihn so reizvoll. In L\u00e4ndern mit langen, dunklen Wintern suchte man nach Licht, Offenheit und Gem\u00fctlichkeit. Daher entstanden Einrichtungskonzepte, die Helligkeit mit nat\u00fcrlichen Materialien verbinden. M\u00f6bel aus hellem Holz oder mit hellen Oberfl\u00e4chen reflektieren Licht, und <strong>Massivholz<\/strong> bringt organische Strukturen hinein. Der Einsatz von <strong>Nat\u00fcrliches Holz<\/strong> l\u00e4sst R\u00e4ume nicht steril wirken, sondern lebendig und angenehm.<\/p><p>Auch Farbgestaltung spielt eine gro\u00dfe Rolle: gedeckte Naturfarben, sanfte Graut\u00f6ne, Wei\u00df werden bevorzugt \u2013 sie lassen R\u00e4ume gr\u00f6\u00dfer und heller wirken. Gleichzeitig kommen <strong>Wohnideen<\/strong> mit Akzenten ins Spiel: ein kr\u00e4ftiges Kissen, ein Teppich oder Accessoires in warmen T\u00f6nen schaffen Blickf\u00e4nge. Der Stil setzt auf Funktionalit\u00e4t: klare Linien, minimalistische M\u00f6bel, keine \u00fcberfl\u00fcssigen Verzierungen.<\/p><p>Nicht zuletzt macht der Stil <strong>Gem\u00fctlichkeit<\/strong> durch Textilien und Licht m\u00f6glich: Decken, Kissen, Teppiche, Lampen mit warmem Licht reduzieren K\u00e4lte und H\u00e4rte. Alles ist abgestimmt auf Komfort und Lebensqualit\u00e4t. Das ergibt eine Kombination aus \u00c4sthetik, Nutzen und Wohlgef\u00fchl \u2013 ideal f\u00fcr Herbst Wohnideen, wenn man R\u00fcckzug sucht und W\u00e4rme sch\u00e4tzt.<\/p><p><strong>Welche Vorteile haben Massivholzm\u00f6bel gegen\u00fcber anderen Materialien?<\/strong><\/p><p><strong>Massivholzm\u00f6bel<\/strong> bieten eine Reihe von Vorteilen, die sie besonders f\u00fcr Ideen rund um <strong>Herbst Wohnideen<\/strong> attraktiv machen. Zuerst sind sie sehr langlebig: Echtes Holz mit voller Struktur h\u00e4lt oft Jahrzehnte und altert sch\u00f6n. Kleine Gebrauchsspuren k\u00f6nnen Charakter hinzuf\u00fcgen statt abzuschrecken.<\/p><p>Ein weiterer Vorteil ist die Haptik: Massivholz f\u00fchlt sich warm an, es gibt Taktilit\u00e4t und Struktur, die M\u00f6bel aus Spanplatten, MDF oder Plastik nicht erreichen. Das Auge merkt sofort, ob Material echt ist oder nur laminiert \u2013 und echte Materialien erzeugen <strong>Gem\u00fctlichkeit<\/strong> und Vertrauen.<\/p><p>Auch in puncto Umwelt und Nachhaltigkeit punkten <strong>Massivholz M\u00f6bel<\/strong>: Werden sie aus nachhaltiger Forstwirtschaft gefertigt, bieten sie CO\u2082-Speicherung, geringere Schadstoffbelastung und lange Nutzdauer. Reparaturen sind oft m\u00f6glich. Au\u00dferdem wirkt <strong>Nat\u00fcrliches Holz<\/strong> optisch beruhigend: Struktur, Maserung und Farbvarianten bringen Leben ins Haus.<\/p><p>Ein letzter Punkt ist die Vielseitigkeit: Massivholzm\u00f6bel passen in viele Styles \u2013 im <strong>Skandi Style<\/strong>, im rustikalen oder modernen Ambiente. Sie kombinieren sich gut mit Stoffen, Metallen, Naturfasern. Dadurch sind sie idealer Bestandteil von Wohnideen, die W\u00e4rme, Nat\u00fcrlichkeit und Stil vereinen.<\/p>\t\t\t\t\t\t\t\t<\/div>\n\t\t\t\t<\/div>\n\t\t\t\t<div class=\"elementor-element elementor-element-1efb5e55 elementor-widget elementor-widget-heading\" data-id=\"1efb5e55\" data-element_type=\"widget\" data-e-type=\"widget\" data-widget_type=\"heading.default\">\n\t\t\t\t<div class=\"elementor-widget-container\">\n\t\t\t\t\t<h3 class=\"elementor-heading-title elementor-size-default\">Fazit<\/h3>\t\t\t\t<\/div>\n\t\t\t\t<\/div>\n\t\t\t\t<div class=\"elementor-element elementor-element-248a2be9 elementor-widget elementor-widget-text-editor\" data-id=\"248a2be9\" data-element_type=\"widget\" data-e-type=\"widget\" data-widget_type=\"text-editor.default\">\n\t\t\t\t<div class=\"elementor-widget-container\">\n\t\t\t\t\t\t\t\t\t<p>Zusammengefasst: Mit <strong>Herbst Wohnideen<\/strong> verwandeln Sie Ihr Zuhause in einen Treffpunkt, der W\u00e4rme, Stil und Wohlbefinden vermittelt. Setzen Sie auf <strong>Skandinavisch wohnen<\/strong>, integrieren Sie <strong>Massivholz M\u00f6bel<\/strong> und <strong>Nat\u00fcrliches Holz<\/strong>, nutzen Sie <strong>Hygge Wohnstil Ideen<\/strong> und <strong>Gem\u00fctliche Textilien f\u00fcr herbstliches Hygge<\/strong>, um eine Atmosph\u00e4re voller <strong>Gem\u00fctlichkeit<\/strong>, <strong>warmes Licht<\/strong> und nat\u00fcrlicher Sch\u00f6nheit zu schaffen. Der <strong>Skandi Style<\/strong> hilft Ihnen dabei, einen klaren, lichtdurchfluteten und zugleich behaglichen Look zu realisieren.<\/p><p>Lassen Sie sich jetzt inspirieren: W\u00e4hlen Sie ein M\u00f6belst\u00fcck aus echtem Massivholz, ordnen Sie weiche Textilien und optimieren Sie Ihre Beleuchtung. Machen Sie den ersten Schritt \u2013 und verwandeln Sie Ihr Zuhause in Ihren pers\u00f6nlichen Herbst-Treffpunkt. Ihre G\u00e4ste werden den Unterschied f\u00fchlen \u2013 und Sie selbst jeden Moment genie\u00dfen.<\/p>\t\t\t\t\t\t\t\t<\/div>\n\t\t\t\t<\/div>\n\t\t<div class=\"elementor-element elementor-element-d240f43 e-flex e-con-boxed e-con e-parent\" data-id=\"d240f43\" data-element_type=\"container\" data-e-type=\"container\">\n\t\t\t\t\t<div class=\"e-con-inner\">\n\t\t\t\t<div class=\"elementor-element elementor-element-d7e3fdf elementor-author-box--layout-image-left elementor-author-box--align-left elementor-author-box--image-valign-middle elementor-widget elementor-widget-author-box\" data-id=\"d7e3fdf\" data-element_type=\"widget\" data-e-type=\"widget\" data-widget_type=\"author-box.default\">\n\t\t\t\t<div class=\"elementor-widget-container\">\n\t\t\t\t\t\t\t<div class=\"elementor-author-box\">\n\t\t\t\t\t\t\t<div  class=\"elementor-author-box__avatar\">\n\t\t\t\t\t<img decoding=\"async\" src=\"https:\/\/massivart.de\/magazin\/wp-content\/uploads\/2025\/05\/Massivart-Magazin-Avatar-2-wohnen-1-227x300.jpg\" alt=\"Bild von Clara Hoffmann\" loading=\"lazy\">\n\t\t\t\t<\/div>\n\t\t\t\n\t\t\t<div class=\"elementor-author-box__text\">\n\t\t\t\t\t\t\t\t\t<div >\n\t\t\t\t\t\t<h4 class=\"elementor-author-box__name\">\n\t\t\t\t\t\t\tClara Hoffmann\t\t\t\t\t\t<\/h4>\n\t\t\t\t\t<\/div>\n\t\t\t\t\n\t\t\t\t\t\t\t\t\t<div class=\"elementor-author-box__bio\">\n\t\t\t\t\t\t<p>Clara Hoffmann ist unsere Stimme f\u00fcr Wohngef\u00fchl und Atmosph\u00e4re \u2013 und als Autorin im MassivArt-Magazin immer auf der Suche nach dem gewissen Etwas, das aus einem Raum ein Zuhause macht. Mit ihrem feinen Gesp\u00fcr f\u00fcr Stimmungen, Materialien und Farben bringt sie die Emotionen hinter dem Einrichten auf den Punkt. In ihren Beitr\u00e4gen verbindet sie Trends mit Zeitlosigkeit und zeigt, wie R\u00e4ume W\u00e4rme, Pers\u00f6nlichkeit und Charakter ausstrahlen k\u00f6nnen.<\/p>\n\t\t\t\t\t<\/div>\n\t\t\t\t\n\t\t\t\t\t\t\t<\/div>\n\t\t<\/div>\n\t\t\t\t\t\t<\/div>\n\t\t\t\t<\/div>\n\t\t\t\t\t<\/div>\n\t\t\t\t<\/div>\n\t\t\t\t\t<\/div>\n\t\t<\/div>\n\t\t\t\t\t<\/div>\n\t\t<\/section>\n\t\t\t\t<\/div>\n\t\t","protected":false},"excerpt":{"rendered":"<p>Wenn wir an Herbst Wohnideen denken, haben wir sofort Bilder von warmen Decken, Kerzenlicht und gem\u00fctlichen R\u00e4umen vor Augen. Der Herbst l\u00e4dt uns ein, unser Zuhause in einen R\u00fcckzugsort zu verwandeln, in dem man sich wohlf\u00fchlt und gern verweilt. Herbst Wohnideen bedeutet: R\u00e4ume so gestalten, dass sie W\u00e4rme, Behaglichkeit und Geborgenheit ausstrahlen. In diesem Ratgeber [&hellip;]<\/p>\n","protected":false},"author":2,"featured_media":3256,"comment_status":"closed","ping_status":"closed","sticky":false,"template":"","format":"standard","meta":{"footnotes":""},"categories":[1,8],"tags":[],"class_list":["post-3255","post","type-post","status-publish","format-standard","has-post-thumbnail","hentry","category-allgemein","category-wohnen"],"_links":{"self":[{"href":"https:\/\/massivart.de\/magazin\/wp-json\/wp\/v2\/posts\/3255","targetHints":{"allow":["GET"]}}],"collection":[{"href":"https:\/\/massivart.de\/magazin\/wp-json\/wp\/v2\/posts"}],"about":[{"href":"https:\/\/massivart.de\/magazin\/wp-json\/wp\/v2\/types\/post"}],"author":[{"embeddable":true,"href":"https:\/\/massivart.de\/magazin\/wp-json\/wp\/v2\/users\/2"}],"replies":[{"embeddable":true,"href":"https:\/\/massivart.de\/magazin\/wp-json\/wp\/v2\/comments?post=3255"}],"version-history":[{"count":26,"href":"https:\/\/massivart.de\/magazin\/wp-json\/wp\/v2\/posts\/3255\/revisions"}],"predecessor-version":[{"id":3305,"href":"https:\/\/massivart.de\/magazin\/wp-json\/wp\/v2\/posts\/3255\/revisions\/3305"}],"wp:featuredmedia":[{"embeddable":true,"href":"https:\/\/massivart.de\/magazin\/wp-json\/wp\/v2\/media\/3256"}],"wp:attachment":[{"href":"https:\/\/massivart.de\/magazin\/wp-json\/wp\/v2\/media?parent=3255"}],"wp:term":[{"taxonomy":"category","embeddable":true,"href":"https:\/\/massivart.de\/magazin\/wp-json\/wp\/v2\/categories?post=3255"},{"taxonomy":"post_tag","embeddable":true,"href":"https:\/\/massivart.de\/magazin\/wp-json\/wp\/v2\/tags?post=3255"}],"curies":[{"name":"wp","href":"https:\/\/api.w.org\/{rel}","templated":true}]}}