{"id":2827,"date":"2025-06-27T12:21:00","date_gmt":"2025-06-27T10:21:00","guid":{"rendered":"https:\/\/massivart.de\/magazin\/?p=2827"},"modified":"2025-07-09T10:59:18","modified_gmt":"2025-07-09T08:59:18","slug":"der-einfluss-von-farben-wie-farbwahl-die-raumwirkung-veraendert","status":"publish","type":"post","link":"https:\/\/massivart.de\/magazin\/der-einfluss-von-farben-wie-farbwahl-die-raumwirkung-veraendert\/","title":{"rendered":"Der Einfluss von Farben: Wie Farbwahl die Raumwirkung ver\u00e4ndert"},"content":{"rendered":"\t\t<div data-elementor-type=\"wp-post\" data-elementor-id=\"2827\" class=\"elementor elementor-2827\" data-elementor-post-type=\"post\">\n\t\t\t\t<div class=\"elementor-element elementor-element-e6a66ec e-flex e-con-boxed e-con e-parent\" data-id=\"e6a66ec\" data-element_type=\"container\" data-e-type=\"container\">\n\t\t\t\t\t<div class=\"e-con-inner\">\n\t\t\t\t<div class=\"elementor-element elementor-element-34161b48 elementor-widget elementor-widget-global elementor-global-608 elementor-widget-html\" data-id=\"34161b48\" data-element_type=\"widget\" data-e-type=\"widget\" data-widget_type=\"html.default\">\n\t\t\t\t<div class=\"elementor-widget-container\">\n\t\t\t\t\t<nav aria-label=\"breadcrumbs\" class=\"rank-math-breadcrumb\"><p><span class=\"last\">Home<\/span><\/p><\/nav>\t\t\t\t<\/div>\n\t\t\t\t<\/div>\n\t\t\t\t\t<\/div>\n\t\t\t\t<\/div>\n\t\t\t\t<section class=\"elementor-section elementor-top-section elementor-element elementor-element-5ca62cc2 elementor-section-boxed elementor-section-height-default elementor-section-height-default\" data-id=\"5ca62cc2\" data-element_type=\"section\" data-e-type=\"section\" data-settings=\"{&quot;background_background&quot;:&quot;classic&quot;}\">\n\t\t\t\t\t\t<div class=\"elementor-container elementor-column-gap-default\">\n\t\t\t\t\t<div class=\"elementor-column elementor-col-100 elementor-top-column elementor-element elementor-element-28ab0b17\" data-id=\"28ab0b17\" data-element_type=\"column\" data-e-type=\"column\">\n\t\t\t<div class=\"elementor-widget-wrap elementor-element-populated\">\n\t\t\t\t\t\t<div class=\"elementor-element elementor-element-5b1ece5a elementor-widget elementor-widget-theme-post-featured-image elementor-widget-image\" data-id=\"5b1ece5a\" data-element_type=\"widget\" data-e-type=\"widget\" data-widget_type=\"theme-post-featured-image.default\">\n\t\t\t\t<div class=\"elementor-widget-container\">\n\t\t\t\t\t\t\t\t\t\t\t\t\t\t\t<img fetchpriority=\"high\" decoding=\"async\" width=\"1120\" height=\"400\" src=\"https:\/\/massivart.de\/magazin\/wp-content\/uploads\/2025\/06\/farbwirkung-banner-massivart-1.jpg\" class=\"attachment-full size-full wp-image-2885\" alt=\"Banner Farbwirkung MassivArt\" srcset=\"https:\/\/massivart.de\/magazin\/wp-content\/uploads\/2025\/06\/farbwirkung-banner-massivart-1.jpg 1120w, https:\/\/massivart.de\/magazin\/wp-content\/uploads\/2025\/06\/farbwirkung-banner-massivart-1-300x107.jpg 300w, https:\/\/massivart.de\/magazin\/wp-content\/uploads\/2025\/06\/farbwirkung-banner-massivart-1-1024x366.jpg 1024w, https:\/\/massivart.de\/magazin\/wp-content\/uploads\/2025\/06\/farbwirkung-banner-massivart-1-768x274.jpg 768w\" sizes=\"(max-width: 1120px) 100vw, 1120px\" \/>\t\t\t\t\t\t\t\t\t\t\t\t\t\t\t<\/div>\n\t\t\t\t<\/div>\n\t\t\t\t\t<\/div>\n\t\t<\/div>\n\t\t\t\t\t<\/div>\n\t\t<\/section>\n\t\t\t\t<section class=\"elementor-section elementor-top-section elementor-element elementor-element-5dcda53e elementor-section-boxed elementor-section-height-default elementor-section-height-default\" data-id=\"5dcda53e\" data-element_type=\"section\" data-e-type=\"section\" data-settings=\"{&quot;background_background&quot;:&quot;classic&quot;}\">\n\t\t\t\t\t\t<div class=\"elementor-container elementor-column-gap-default\">\n\t\t\t\t\t<div class=\"elementor-column elementor-col-100 elementor-top-column elementor-element elementor-element-1a0a9d3e\" data-id=\"1a0a9d3e\" data-element_type=\"column\" data-e-type=\"column\">\n\t\t\t<div class=\"elementor-widget-wrap elementor-element-populated\">\n\t\t\t\t\t\t<div class=\"elementor-element elementor-element-5b68ecaf elementor-widget elementor-widget-global elementor-global-381 elementor-widget-theme-post-title\" data-id=\"5b68ecaf\" data-element_type=\"widget\" data-e-type=\"widget\" data-widget_type=\"theme-post-title.default\">\n\t\t\t\t<div class=\"elementor-widget-container\">\n\t\t\t\t\t<h1 class=\"elementor-heading-title elementor-size-default\">Der Einfluss von Farben: Wie Farbwahl die Raumwirkung ver\u00e4ndert<\/h1>\t\t\t\t<\/div>\n\t\t\t\t<\/div>\n\t\t\t\t<div class=\"elementor-element elementor-element-7781d142 elementor-widget elementor-widget-global elementor-global-384 elementor-widget-post-info\" data-id=\"7781d142\" data-element_type=\"widget\" data-e-type=\"widget\" data-widget_type=\"post-info.default\">\n\t\t\t\t<div class=\"elementor-widget-container\">\n\t\t\t\t\t\t\t<ul class=\"elementor-inline-items elementor-icon-list-items elementor-post-info\">\n\t\t\t\t\t\t\t\t<li class=\"elementor-icon-list-item elementor-repeater-item-51f8952 elementor-inline-item\" itemprop=\"datePublished\">\n\t\t\t\t\t\t<a href=\"https:\/\/massivart.de\/magazin\/2025\/06\/27\/\">\n\t\t\t\t\t\t\t\t\t\t\t<span class=\"elementor-icon-list-icon\">\n\t\t\t\t\t\t\t\t<svg aria-hidden=\"true\" class=\"e-font-icon-svg e-far-calendar-alt\" viewBox=\"0 0 448 512\" xmlns=\"http:\/\/www.w3.org\/2000\/svg\"><path d=\"M148 288h-40c-6.6 0-12-5.4-12-12v-40c0-6.6 5.4-12 12-12h40c6.6 0 12 5.4 12 12v40c0 6.6-5.4 12-12 12zm108-12v-40c0-6.6-5.4-12-12-12h-40c-6.6 0-12 5.4-12 12v40c0 6.6 5.4 12 12 12h40c6.6 0 12-5.4 12-12zm96 0v-40c0-6.6-5.4-12-12-12h-40c-6.6 0-12 5.4-12 12v40c0 6.6 5.4 12 12 12h40c6.6 0 12-5.4 12-12zm-96 96v-40c0-6.6-5.4-12-12-12h-40c-6.6 0-12 5.4-12 12v40c0 6.6 5.4 12 12 12h40c6.6 0 12-5.4 12-12zm-96 0v-40c0-6.6-5.4-12-12-12h-40c-6.6 0-12 5.4-12 12v40c0 6.6 5.4 12 12 12h40c6.6 0 12-5.4 12-12zm192 0v-40c0-6.6-5.4-12-12-12h-40c-6.6 0-12 5.4-12 12v40c0 6.6 5.4 12 12 12h40c6.6 0 12-5.4 12-12zm96-260v352c0 26.5-21.5 48-48 48H48c-26.5 0-48-21.5-48-48V112c0-26.5 21.5-48 48-48h48V12c0-6.6 5.4-12 12-12h40c6.6 0 12 5.4 12 12v52h128V12c0-6.6 5.4-12 12-12h40c6.6 0 12 5.4 12 12v52h48c26.5 0 48 21.5 48 48zm-48 346V160H48v298c0 3.3 2.7 6 6 6h340c3.3 0 6-2.7 6-6z\"><\/path><\/svg>\t\t\t\t\t\t\t<\/span>\n\t\t\t\t\t\t\t\t\t<span class=\"elementor-icon-list-text elementor-post-info__item elementor-post-info__item--type-date\">\n\t\t\t\t\t\t\t\t\t\t<time>Juni 27, 2025<\/time>\t\t\t\t\t<\/span>\n\t\t\t\t\t\t\t\t\t<\/a>\n\t\t\t\t<\/li>\n\t\t\t\t<\/ul>\n\t\t\t\t\t\t<\/div>\n\t\t\t\t<\/div>\n\t\t\t\t<div class=\"elementor-element elementor-element-33d5cf42 elementor-widget-divider--view-line elementor-widget elementor-widget-divider\" data-id=\"33d5cf42\" data-element_type=\"widget\" data-e-type=\"widget\" data-widget_type=\"divider.default\">\n\t\t\t\t<div class=\"elementor-widget-container\">\n\t\t\t\t\t\t\t<div class=\"elementor-divider\">\n\t\t\t<span class=\"elementor-divider-separator\">\n\t\t\t\t\t\t<\/span>\n\t\t<\/div>\n\t\t\t\t\t\t<\/div>\n\t\t\t\t<\/div>\n\t\t\t\t<div class=\"elementor-element elementor-element-2d776a45 elementor-widget elementor-widget-text-editor\" data-id=\"2d776a45\" data-element_type=\"widget\" data-e-type=\"widget\" data-widget_type=\"text-editor.default\">\n\t\t\t\t<div class=\"elementor-widget-container\">\n\t\t\t\t\t\t\t\t\t<p>Farben sind weit mehr als nur Dekoration \u2013 sie beeinflussen unsere Wahrnehmung, unsere Stimmung und sogar unser Verhalten. Gerade in der <strong>Raumgestaltung<\/strong> ist die bewusste Auswahl der Farbpalette ein zentrales Stilmittel, das weitreichende Auswirkungen auf das Wohlbefinden und die Funktion eines Raumes haben kann. Dieser Artikel geht der <strong>Wirkung von Farben<\/strong> im Wohnraum auf den Grund, erkl\u00e4rt psychologische Hintergr\u00fcnde und gibt praxisnahe Tipps zur <strong>Farbgestaltung f\u00fcr mehr Ruhe<\/strong>, Konzentration oder Weite.<\/p>\t\t\t\t\t\t\t\t<\/div>\n\t\t\t\t<\/div>\n\t\t\t\t<div class=\"elementor-element elementor-element-26565cec elementor-toc--minimized-on-none elementor-widget elementor-widget-global elementor-global-378 elementor-widget-table-of-contents\" data-id=\"26565cec\" data-element_type=\"widget\" data-e-type=\"widget\" data-settings=\"{&quot;headings_by_tags&quot;:[&quot;h2&quot;,&quot;h4&quot;],&quot;exclude_headings_by_selector&quot;:[],&quot;minimized_on&quot;:&quot;none&quot;,&quot;no_headings_message&quot;:&quot;No headings were found on this page.&quot;,&quot;min_height&quot;:{&quot;unit&quot;:&quot;px&quot;,&quot;size&quot;:0,&quot;sizes&quot;:[]},&quot;marker_view&quot;:&quot;numbers&quot;,&quot;minimize_box&quot;:&quot;yes&quot;,&quot;hierarchical_view&quot;:&quot;yes&quot;,&quot;min_height_tablet&quot;:{&quot;unit&quot;:&quot;px&quot;,&quot;size&quot;:&quot;&quot;,&quot;sizes&quot;:[]},&quot;min_height_mobile&quot;:{&quot;unit&quot;:&quot;px&quot;,&quot;size&quot;:&quot;&quot;,&quot;sizes&quot;:[]}}\" data-widget_type=\"table-of-contents.default\">\n\t\t\t\t<div class=\"elementor-widget-container\">\n\t\t\t\t\t\t\t\t\t<div class=\"elementor-toc__header\">\n\t\t\t\t\t\t\t\t\t\t<div class=\"elementor-toc__toggle-button elementor-toc__toggle-button--expand\" role=\"button\" tabindex=\"0\" aria-controls=\"elementor-toc__26565cec\" aria-expanded=\"true\" aria-label=\"Inhaltsverzeichnis \u00f6ffnen\"><\/div>\n\t\t\t\t<div class=\"elementor-toc__toggle-button elementor-toc__toggle-button--collapse\" role=\"button\" tabindex=\"0\" aria-controls=\"elementor-toc__26565cec\" aria-expanded=\"true\" aria-label=\"Inhaltsverzeichnis schlie\u00dfen\"><\/div>\n\t\t\t\t\t<\/div>\n\t\t\t\t<div id=\"elementor-toc__26565cec\" class=\"elementor-toc__body\">\n\t\t\t<div class=\"elementor-toc__spinner-container\">\n\t\t\t\t<svg class=\"elementor-toc__spinner eicon-animation-spin e-font-icon-svg e-eicon-loading\" aria-hidden=\"true\" viewBox=\"0 0 1000 1000\" xmlns=\"http:\/\/www.w3.org\/2000\/svg\"><path d=\"M500 975V858C696 858 858 696 858 500S696 142 500 142 142 304 142 500H25C25 237 238 25 500 25S975 237 975 500 763 975 500 975Z\"><\/path><\/svg>\t\t\t<\/div>\n\t\t<\/div>\n\t\t\t\t\t\t<\/div>\n\t\t\t\t<\/div>\n\t\t\t\t<div class=\"elementor-element elementor-element-559492a elementor-widget elementor-widget-heading\" data-id=\"559492a\" data-element_type=\"widget\" data-e-type=\"widget\" data-widget_type=\"heading.default\">\n\t\t\t\t<div class=\"elementor-widget-container\">\n\t\t\t\t\t<h2 class=\"elementor-heading-title elementor-size-default\">Farben wirken \u2013 aber wie? Die Psychologie hinter der Farbwahl<\/h2>\t\t\t\t<\/div>\n\t\t\t\t<\/div>\n\t\t\t\t<div class=\"elementor-element elementor-element-550cedf elementor-widget elementor-widget-text-editor\" data-id=\"550cedf\" data-element_type=\"widget\" data-e-type=\"widget\" data-widget_type=\"text-editor.default\">\n\t\t\t\t<div class=\"elementor-widget-container\">\n\t\t\t\t\t\t\t\t\t<p>Farben sprechen unser Unterbewusstsein an. Ohne dass wir es merken, l\u00f6sen sie Reaktionen aus \u2013 k\u00f6rperlich wie emotional. Deshalb sollte bei der <strong>Einrichtung mit Farben<\/strong> nicht nur der pers\u00f6nliche Geschmack, sondern auch die Wirkung auf den Raum und seine Nutzer ber\u00fccksichtigt werden.<\/p><p>Farben lassen sich grob in zwei Kategorien einteilen:<\/p><ul><li><strong>Warme Farben<\/strong> (Rot, Orange, Gelb): aktivierend, kommunikativ, energiegeladen<\/li><\/ul>\t\t\t\t\t\t\t\t<\/div>\n\t\t\t\t<\/div>\n\t\t\t\t<div class=\"elementor-element elementor-element-c90eb96 elementor-widget elementor-widget-gallery\" data-id=\"c90eb96\" data-element_type=\"widget\" data-e-type=\"widget\" data-settings=\"{&quot;columns&quot;:3,&quot;aspect_ratio&quot;:&quot;21:9&quot;,&quot;lazyload&quot;:&quot;yes&quot;,&quot;gallery_layout&quot;:&quot;grid&quot;,&quot;columns_tablet&quot;:2,&quot;columns_mobile&quot;:1,&quot;gap&quot;:{&quot;unit&quot;:&quot;px&quot;,&quot;size&quot;:10,&quot;sizes&quot;:[]},&quot;gap_tablet&quot;:{&quot;unit&quot;:&quot;px&quot;,&quot;size&quot;:10,&quot;sizes&quot;:[]},&quot;gap_mobile&quot;:{&quot;unit&quot;:&quot;px&quot;,&quot;size&quot;:10,&quot;sizes&quot;:[]},&quot;link_to&quot;:&quot;file&quot;,&quot;overlay_background&quot;:&quot;yes&quot;,&quot;content_hover_animation&quot;:&quot;fade-in&quot;}\" data-widget_type=\"gallery.default\">\n\t\t\t\t<div class=\"elementor-widget-container\">\n\t\t\t\t\t\t\t<div class=\"elementor-gallery__container\">\n\t\t\t\t\t\t\t<a class=\"e-gallery-item elementor-gallery-item elementor-animated-content\" href=\"https:\/\/massivart.de\/magazin\/wp-content\/uploads\/2025\/06\/warme-farbe-rot-massivart.jpg\" data-elementor-open-lightbox=\"yes\" data-elementor-lightbox-slideshow=\"c90eb96\" data-elementor-lightbox-title=\"warme-farbe-rot-massivart\" data-e-action-hash=\"#elementor-action%3Aaction%3Dlightbox%26settings%3DeyJpZCI6MjgzNiwidXJsIjoiaHR0cHM6XC9cL21hc3NpdmFydC5kZVwvbWFnYXppblwvd3AtY29udGVudFwvdXBsb2Fkc1wvMjAyNVwvMDZcL3dhcm1lLWZhcmJlLXJvdC1tYXNzaXZhcnQuanBnIiwic2xpZGVzaG93IjoiYzkwZWI5NiJ9\">\n\t\t\t\t\t<div class=\"e-gallery-image elementor-gallery-item__image\" data-thumbnail=\"https:\/\/massivart.de\/magazin\/wp-content\/uploads\/2025\/06\/warme-farbe-rot-massivart-300x190.jpg\" data-width=\"300\" data-height=\"190\" aria-label=\"Warme Farbe Rot\" role=\"img\" ><\/div>\n\t\t\t\t\t\t\t\t\t\t\t<div class=\"elementor-gallery-item__overlay\"><\/div>\n\t\t\t\t\t\t\t\t\t\t\t\t\t\t<\/a>\n\t\t\t\t\t\t\t<a class=\"e-gallery-item elementor-gallery-item elementor-animated-content\" href=\"https:\/\/massivart.de\/magazin\/wp-content\/uploads\/2025\/06\/warme-farbe-orange-massivart.jpg\" data-elementor-open-lightbox=\"yes\" data-elementor-lightbox-slideshow=\"c90eb96\" data-elementor-lightbox-title=\"warme-farbe-orange-massivart\" data-e-action-hash=\"#elementor-action%3Aaction%3Dlightbox%26settings%3DeyJpZCI6MjgzNSwidXJsIjoiaHR0cHM6XC9cL21hc3NpdmFydC5kZVwvbWFnYXppblwvd3AtY29udGVudFwvdXBsb2Fkc1wvMjAyNVwvMDZcL3dhcm1lLWZhcmJlLW9yYW5nZS1tYXNzaXZhcnQuanBnIiwic2xpZGVzaG93IjoiYzkwZWI5NiJ9\">\n\t\t\t\t\t<div class=\"e-gallery-image elementor-gallery-item__image\" data-thumbnail=\"https:\/\/massivart.de\/magazin\/wp-content\/uploads\/2025\/06\/warme-farbe-orange-massivart-300x190.jpg\" data-width=\"300\" data-height=\"190\" aria-label=\"Warme Farbe Orange\" role=\"img\" ><\/div>\n\t\t\t\t\t\t\t\t\t\t\t<div class=\"elementor-gallery-item__overlay\"><\/div>\n\t\t\t\t\t\t\t\t\t\t\t\t\t\t<\/a>\n\t\t\t\t\t\t\t<a class=\"e-gallery-item elementor-gallery-item elementor-animated-content\" href=\"https:\/\/massivart.de\/magazin\/wp-content\/uploads\/2025\/06\/warme-farbe-gelb-massivart.jpg\" data-elementor-open-lightbox=\"yes\" data-elementor-lightbox-slideshow=\"c90eb96\" data-elementor-lightbox-title=\"warme-farbe-gelb-massivart\" data-e-action-hash=\"#elementor-action%3Aaction%3Dlightbox%26settings%3DeyJpZCI6MjgzNCwidXJsIjoiaHR0cHM6XC9cL21hc3NpdmFydC5kZVwvbWFnYXppblwvd3AtY29udGVudFwvdXBsb2Fkc1wvMjAyNVwvMDZcL3dhcm1lLWZhcmJlLWdlbGItbWFzc2l2YXJ0LmpwZyIsInNsaWRlc2hvdyI6ImM5MGViOTYifQ%3D%3D\">\n\t\t\t\t\t<div class=\"e-gallery-image elementor-gallery-item__image\" data-thumbnail=\"https:\/\/massivart.de\/magazin\/wp-content\/uploads\/2025\/06\/warme-farbe-gelb-massivart-300x190.jpg\" data-width=\"300\" data-height=\"190\" aria-label=\"Warme Farbe Gelb\" role=\"img\" ><\/div>\n\t\t\t\t\t\t\t\t\t\t\t<div class=\"elementor-gallery-item__overlay\"><\/div>\n\t\t\t\t\t\t\t\t\t\t\t\t\t\t<\/a>\n\t\t\t\t\t<\/div>\n\t\t\t\t\t<\/div>\n\t\t\t\t<\/div>\n\t\t\t\t<div class=\"elementor-element elementor-element-a141065 elementor-widget elementor-widget-text-editor\" data-id=\"a141065\" data-element_type=\"widget\" data-e-type=\"widget\" data-widget_type=\"text-editor.default\">\n\t\t\t\t<div class=\"elementor-widget-container\">\n\t\t\t\t\t\t\t\t\t<ul><li><strong>K\u00fchle Farben<\/strong> (Blau, Gr\u00fcn, Violett): beruhigend, entspannend, konzentrationsf\u00f6rdernd<\/li><\/ul><p>Je nach Funktion eines Raumes sollte die Farbwahl gezielt abgestimmt werden.<\/p>\t\t\t\t\t\t\t\t<\/div>\n\t\t\t\t<\/div>\n\t\t\t\t<div class=\"elementor-element elementor-element-85054c2 elementor-widget elementor-widget-gallery\" data-id=\"85054c2\" data-element_type=\"widget\" data-e-type=\"widget\" data-settings=\"{&quot;columns&quot;:3,&quot;aspect_ratio&quot;:&quot;21:9&quot;,&quot;lazyload&quot;:&quot;yes&quot;,&quot;gallery_layout&quot;:&quot;grid&quot;,&quot;columns_tablet&quot;:2,&quot;columns_mobile&quot;:1,&quot;gap&quot;:{&quot;unit&quot;:&quot;px&quot;,&quot;size&quot;:10,&quot;sizes&quot;:[]},&quot;gap_tablet&quot;:{&quot;unit&quot;:&quot;px&quot;,&quot;size&quot;:10,&quot;sizes&quot;:[]},&quot;gap_mobile&quot;:{&quot;unit&quot;:&quot;px&quot;,&quot;size&quot;:10,&quot;sizes&quot;:[]},&quot;link_to&quot;:&quot;file&quot;,&quot;overlay_background&quot;:&quot;yes&quot;,&quot;content_hover_animation&quot;:&quot;fade-in&quot;}\" data-widget_type=\"gallery.default\">\n\t\t\t\t<div class=\"elementor-widget-container\">\n\t\t\t\t\t\t\t<div class=\"elementor-gallery__container\">\n\t\t\t\t\t\t\t<a class=\"e-gallery-item elementor-gallery-item elementor-animated-content\" href=\"https:\/\/massivart.de\/magazin\/wp-content\/uploads\/2025\/06\/kuehle-farbe-blau-massivart.jpg\" data-elementor-open-lightbox=\"yes\" data-elementor-lightbox-slideshow=\"85054c2\" data-elementor-lightbox-title=\"kuehle-farbe-blau-massivart\" data-e-action-hash=\"#elementor-action%3Aaction%3Dlightbox%26settings%3DeyJpZCI6Mjg0MCwidXJsIjoiaHR0cHM6XC9cL21hc3NpdmFydC5kZVwvbWFnYXppblwvd3AtY29udGVudFwvdXBsb2Fkc1wvMjAyNVwvMDZcL2t1ZWhsZS1mYXJiZS1ibGF1LW1hc3NpdmFydC5qcGciLCJzbGlkZXNob3ciOiI4NTA1NGMyIn0%3D\">\n\t\t\t\t\t<div class=\"e-gallery-image elementor-gallery-item__image\" data-thumbnail=\"https:\/\/massivart.de\/magazin\/wp-content\/uploads\/2025\/06\/kuehle-farbe-blau-massivart-300x190.jpg\" data-width=\"300\" data-height=\"190\" aria-label=\"K\u00fchle Farbe Blau\" role=\"img\" ><\/div>\n\t\t\t\t\t\t\t\t\t\t\t<div class=\"elementor-gallery-item__overlay\"><\/div>\n\t\t\t\t\t\t\t\t\t\t\t\t\t\t<\/a>\n\t\t\t\t\t\t\t<a class=\"e-gallery-item elementor-gallery-item elementor-animated-content\" href=\"https:\/\/massivart.de\/magazin\/wp-content\/uploads\/2025\/06\/kuehle-farbe-gruen-massivart.jpg\" data-elementor-open-lightbox=\"yes\" data-elementor-lightbox-slideshow=\"85054c2\" data-elementor-lightbox-title=\"kuehle-farbe-gruen-massivart\" data-e-action-hash=\"#elementor-action%3Aaction%3Dlightbox%26settings%3DeyJpZCI6Mjg0MSwidXJsIjoiaHR0cHM6XC9cL21hc3NpdmFydC5kZVwvbWFnYXppblwvd3AtY29udGVudFwvdXBsb2Fkc1wvMjAyNVwvMDZcL2t1ZWhsZS1mYXJiZS1ncnVlbi1tYXNzaXZhcnQuanBnIiwic2xpZGVzaG93IjoiODUwNTRjMiJ9\">\n\t\t\t\t\t<div class=\"e-gallery-image elementor-gallery-item__image\" data-thumbnail=\"https:\/\/massivart.de\/magazin\/wp-content\/uploads\/2025\/06\/kuehle-farbe-gruen-massivart-300x190.jpg\" data-width=\"300\" data-height=\"190\" aria-label=\"K\u00fchle Farbe Gr\u00fcn\" role=\"img\" ><\/div>\n\t\t\t\t\t\t\t\t\t\t\t<div class=\"elementor-gallery-item__overlay\"><\/div>\n\t\t\t\t\t\t\t\t\t\t\t\t\t\t<\/a>\n\t\t\t\t\t\t\t<a class=\"e-gallery-item elementor-gallery-item elementor-animated-content\" href=\"https:\/\/massivart.de\/magazin\/wp-content\/uploads\/2025\/06\/kuehle-farbe-violett-massivart.jpg\" data-elementor-open-lightbox=\"yes\" data-elementor-lightbox-slideshow=\"85054c2\" data-elementor-lightbox-title=\"kuehle-farbe-violett-massivart\" data-e-action-hash=\"#elementor-action%3Aaction%3Dlightbox%26settings%3DeyJpZCI6Mjg0MiwidXJsIjoiaHR0cHM6XC9cL21hc3NpdmFydC5kZVwvbWFnYXppblwvd3AtY29udGVudFwvdXBsb2Fkc1wvMjAyNVwvMDZcL2t1ZWhsZS1mYXJiZS12aW9sZXR0LW1hc3NpdmFydC5qcGciLCJzbGlkZXNob3ciOiI4NTA1NGMyIn0%3D\">\n\t\t\t\t\t<div class=\"e-gallery-image elementor-gallery-item__image\" data-thumbnail=\"https:\/\/massivart.de\/magazin\/wp-content\/uploads\/2025\/06\/kuehle-farbe-violett-massivart-300x190.jpg\" data-width=\"300\" data-height=\"190\" aria-label=\"K\u00fchle Farbe Violett\" role=\"img\" ><\/div>\n\t\t\t\t\t\t\t\t\t\t\t<div class=\"elementor-gallery-item__overlay\"><\/div>\n\t\t\t\t\t\t\t\t\t\t\t\t\t\t<\/a>\n\t\t\t\t\t<\/div>\n\t\t\t\t\t<\/div>\n\t\t\t\t<\/div>\n\t\t\t\t<div class=\"elementor-element elementor-element-2490950d elementor-widget elementor-widget-heading\" data-id=\"2490950d\" data-element_type=\"widget\" data-e-type=\"widget\" data-widget_type=\"heading.default\">\n\t\t\t\t<div class=\"elementor-widget-container\">\n\t\t\t\t\t<h2 class=\"elementor-heading-title elementor-size-default\">Entspannung &amp; Wohlbefinden: Welche Farben eignen sich f\u00fcr Entspannung?<\/h2>\t\t\t\t<\/div>\n\t\t\t\t<\/div>\n\t\t\t\t<div class=\"elementor-element elementor-element-3094bfdc elementor-widget elementor-widget-text-editor\" data-id=\"3094bfdc\" data-element_type=\"widget\" data-e-type=\"widget\" data-widget_type=\"text-editor.default\">\n\t\t\t\t<div class=\"elementor-widget-container\">\n\t\t\t\t\t\t\t\t\t<p>Im Schlafzimmer, Badezimmer oder Wohnzimmer steht das Bed\u00fcrfnis nach Ruhe, Geborgenheit und Ausgleich im Vordergrund. <strong>Entspannende Wandfarben f\u00fcr Zuhause<\/strong> sollten daher nicht aufw\u00fchlen, sondern die Sinne beruhigen.<\/p><p><strong>Farbgestaltung f\u00fcr mehr Ruhe im Raum:<\/strong><\/p><ul><li><strong>Blau<\/strong>: Die klassische Farbe f\u00fcr Ruhe und Gelassenheit. Besonders Hellblau wirkt wie ein tiefer Atemzug \u2013 k\u00fchl, klar, kl\u00e4rend. Ideal f\u00fcr Schlafr\u00e4ume.<\/li><li><strong>Gr\u00fcn<\/strong>: Symbolisiert Natur, Gleichgewicht und Erholung. Besonders sanfte Salbei- oder Olivt\u00f6ne vermitteln eine wohltuende Ausgewogenheit.<\/li><li><strong>Lavendel &amp; Flieder<\/strong>: Dezent, feminin, leicht nostalgisch \u2013 perfekt f\u00fcr R\u00fcckzugsorte mit sanftem Flair.<\/li><li><strong>Beige- und Sandt\u00f6ne<\/strong>: Neutral, warm und zur\u00fcckhaltend. Schaffen eine friedliche Grundstimmung, ohne langweilig zu wirken.<\/li><\/ul><p>\ud83d\udca1 <strong>Tipp<\/strong>: Kombinieren Sie beruhigende Farben mit nat\u00fcrlichen Materialien (Holz, Leinen, Ton), um das Entspannungserlebnis zu intensivieren.<\/p>\t\t\t\t\t\t\t\t<\/div>\n\t\t\t\t<\/div>\n\t\t\t\t<div class=\"elementor-element elementor-element-4efa23df elementor-widget elementor-widget-heading\" data-id=\"4efa23df\" data-element_type=\"widget\" data-e-type=\"widget\" data-widget_type=\"heading.default\">\n\t\t\t\t<div class=\"elementor-widget-container\">\n\t\t\t\t\t<h2 class=\"elementor-heading-title elementor-size-default\">Fokus und Klarheit: Welche Wandfarben wirken konzentrationsf\u00f6rdernd?<\/h2>\t\t\t\t<\/div>\n\t\t\t\t<\/div>\n\t\t<div class=\"elementor-element elementor-element-5421e14 e-flex e-con-boxed e-con e-parent\" data-id=\"5421e14\" data-element_type=\"container\" data-e-type=\"container\">\n\t\t\t\t\t<div class=\"e-con-inner\">\n\t\t\t\t<div class=\"elementor-element elementor-element-f933cfa elementor-widget__width-initial elementor-widget elementor-widget-image\" data-id=\"f933cfa\" data-element_type=\"widget\" data-e-type=\"widget\" data-widget_type=\"image.default\">\n\t\t\t\t<div class=\"elementor-widget-container\">\n\t\t\t\t\t\t\t\t\t\t\t\t\t\t\t<img decoding=\"async\" width=\"800\" height=\"522\" src=\"https:\/\/massivart.de\/magazin\/wp-content\/uploads\/2025\/07\/arbeitszimmer-helle-farben-massivart-1024x668.jpg\" class=\"attachment-large size-large wp-image-2856\" alt=\"\" srcset=\"https:\/\/massivart.de\/magazin\/wp-content\/uploads\/2025\/07\/arbeitszimmer-helle-farben-massivart-1024x668.jpg 1024w, https:\/\/massivart.de\/magazin\/wp-content\/uploads\/2025\/07\/arbeitszimmer-helle-farben-massivart-300x196.jpg 300w, https:\/\/massivart.de\/magazin\/wp-content\/uploads\/2025\/07\/arbeitszimmer-helle-farben-massivart-768x501.jpg 768w, https:\/\/massivart.de\/magazin\/wp-content\/uploads\/2025\/07\/arbeitszimmer-helle-farben-massivart-1536x1002.jpg 1536w, https:\/\/massivart.de\/magazin\/wp-content\/uploads\/2025\/07\/arbeitszimmer-helle-farben-massivart-2048x1336.jpg 2048w\" sizes=\"(max-width: 800px) 100vw, 800px\" \/>\t\t\t\t\t\t\t\t\t\t\t\t\t\t\t<\/div>\n\t\t\t\t<\/div>\n\t\t\t\t<div class=\"elementor-element elementor-element-b05178d elementor-widget__width-initial elementor-widget elementor-widget-text-editor\" data-id=\"b05178d\" data-element_type=\"widget\" data-e-type=\"widget\" data-widget_type=\"text-editor.default\">\n\t\t\t\t<div class=\"elementor-widget-container\">\n\t\t\t\t\t\t\t\t\t<p data-start=\"168\" data-end=\"382\">Nicht jeder Raum ist zum Abschalten gedacht. In Arbeits- oder Lernbereichen sollten Farben Klarheit und Produktivit\u00e4t f\u00f6rdern \u2013 denn die richtige Farbwahl kann die geistige Leistungsf\u00e4higkeit deutlich beeinflussen.<\/p><p data-start=\"384\" data-end=\"603\"><strong data-start=\"384\" data-end=\"393\">Gr\u00fcn:<\/strong> Ja, auch hier \u2013 denn Gr\u00fcn verbessert nachweislich die Konzentration, senkt Stresslevel und wirkt regenerativ. Es erinnert an die Natur, beruhigt die Augen und schafft ein ausgewogenes, harmonisches Raumgef\u00fchl.<\/p><p data-start=\"605\" data-end=\"845\"><strong data-start=\"605\" data-end=\"624\">K\u00fchle Blaut\u00f6ne:<\/strong> Besonders gut in B\u00fcros und Home-Office-Bereichen. Blau sorgt f\u00fcr strukturiertes Denken und Fokus, vermittelt Ruhe und unterst\u00fctzt analytische T\u00e4tigkeiten. Ideal f\u00fcr Menschen, die konzentriert und pr\u00e4zise arbeiten m\u00fcssen.<\/p><p data-start=\"847\" data-end=\"1050\"><strong data-start=\"847\" data-end=\"878\">Wei\u00df und helle Neutralt\u00f6ne:<\/strong> Lenken nicht ab und lassen kreativen Gedanken Raum zur Entfaltung. Sie vergr\u00f6\u00dfern optisch den Raum und schaffen eine klare, ordentliche Umgebung, die das Gehirn entlastet.<\/p>\t\t\t\t\t\t\t\t<\/div>\n\t\t\t\t<\/div>\n\t\t\t\t\t<\/div>\n\t\t\t\t<\/div>\n\t\t\t\t<div class=\"elementor-element elementor-element-3850ee81 elementor-widget elementor-widget-heading\" data-id=\"3850ee81\" data-element_type=\"widget\" data-e-type=\"widget\" data-widget_type=\"heading.default\">\n\t\t\t\t<div class=\"elementor-widget-container\">\n\t\t\t\t\t<h2 class=\"elementor-heading-title elementor-size-default\">Raumwirkung beeinflussen: Welche Farben lassen R\u00e4ume gr\u00f6\u00dfer wirken?<\/h2>\t\t\t\t<\/div>\n\t\t\t\t<\/div>\n\t\t\t\t<div class=\"elementor-element elementor-element-30bbfc8e elementor-widget elementor-widget-text-editor\" data-id=\"30bbfc8e\" data-element_type=\"widget\" data-e-type=\"widget\" data-widget_type=\"text-editor.default\">\n\t\t\t\t<div class=\"elementor-widget-container\">\n\t\t\t\t\t\t\t\t\t<p>In kleinen Wohnungen oder R\u00e4umen mit wenig Tageslicht spielt die Farbwahl eine entscheidende Rolle. Bestimmte Farben k\u00f6nnen den Raum optisch weiten, strecken oder lichter wirken lassen.<\/p><p><strong>Farbgestaltung f\u00fcr kleine R\u00e4ume:<\/strong><\/p><ul><li><strong>Helle Farben reflektieren Licht<\/strong> \u2013 sie lassen R\u00e4ume gr\u00f6\u00dfer und offener erscheinen.<\/li><li><strong>Wei\u00df<\/strong>: Der Klassiker, besonders in Kombination mit Spiegeln und gl\u00e4nzenden Oberfl\u00e4chen.<\/li><li><strong>Creme, Lichtgrau, Blassrosa oder Hellmint<\/strong>: Bieten Abwechslung, ohne den Raum zu beschweren.<\/li><li><strong>Ton-in-Ton-Konzepte<\/strong>: Vermeiden harte Kontraste und sorgen f\u00fcr Weite.<\/li><\/ul><p>\ud83d\udca1 <strong>Tipp<\/strong>: Streichen Sie auch Decken und Leisten in hellen Farben, um den Raum nicht optisch zu &#8222;deckeln&#8220;.<\/p>\t\t\t\t\t\t\t\t<\/div>\n\t\t\t\t<\/div>\n\t\t\t\t<div class=\"elementor-element elementor-element-6cefa7eb elementor-widget elementor-widget-heading\" data-id=\"6cefa7eb\" data-element_type=\"widget\" data-e-type=\"widget\" data-widget_type=\"heading.default\">\n\t\t\t\t<div class=\"elementor-widget-container\">\n\t\t\t\t\t<h2 class=\"elementor-heading-title elementor-size-default\">Einrichtung mit Farben \u2013 mehr als nur W\u00e4nde streichen<\/h2>\t\t\t\t<\/div>\n\t\t\t\t<\/div>\n\t\t\t\t<div class=\"elementor-element elementor-element-5767f81 elementor-widget elementor-widget-image\" data-id=\"5767f81\" data-element_type=\"widget\" data-e-type=\"widget\" data-widget_type=\"image.default\">\n\t\t\t\t<div class=\"elementor-widget-container\">\n\t\t\t\t\t\t\t\t\t\t\t\t\t\t\t<img decoding=\"async\" width=\"800\" height=\"522\" src=\"https:\/\/massivart.de\/magazin\/wp-content\/uploads\/2025\/06\/wohnzimmer-helle-farben-massivart-1-1024x668.jpg\" class=\"attachment-large size-large wp-image-2896\" alt=\"Helle Farben im Kontrast MassivArt\" srcset=\"https:\/\/massivart.de\/magazin\/wp-content\/uploads\/2025\/06\/wohnzimmer-helle-farben-massivart-1-1024x668.jpg 1024w, https:\/\/massivart.de\/magazin\/wp-content\/uploads\/2025\/06\/wohnzimmer-helle-farben-massivart-1-300x196.jpg 300w, https:\/\/massivart.de\/magazin\/wp-content\/uploads\/2025\/06\/wohnzimmer-helle-farben-massivart-1-768x501.jpg 768w, https:\/\/massivart.de\/magazin\/wp-content\/uploads\/2025\/06\/wohnzimmer-helle-farben-massivart-1-1536x1002.jpg 1536w, https:\/\/massivart.de\/magazin\/wp-content\/uploads\/2025\/06\/wohnzimmer-helle-farben-massivart-1-2048x1336.jpg 2048w\" sizes=\"(max-width: 800px) 100vw, 800px\" \/>\t\t\t\t\t\t\t\t\t\t\t\t\t\t\t<\/div>\n\t\t\t\t<\/div>\n\t\t\t\t<div class=\"elementor-element elementor-element-5a643ee elementor-widget elementor-widget-text-editor\" data-id=\"5a643ee\" data-element_type=\"widget\" data-e-type=\"widget\" data-widget_type=\"text-editor.default\">\n\t\t\t\t<div class=\"elementor-widget-container\">\n\t\t\t\t\t\t\t\t\t<p data-start=\"256\" data-end=\"840\">Nicht nur Wandfarben beeinflussen die Raumwirkung \u2013 auch <strong data-start=\"313\" data-end=\"322\">M\u00f6bel<\/strong>, <strong data-start=\"324\" data-end=\"337\">Textilien<\/strong> und <strong data-start=\"342\" data-end=\"357\">Accessoires<\/strong> tragen entscheidend dazu bei, wie ein Raum wahrgenommen wird. Besonders in kleinen Wohnungen, in denen die Wandgestaltung oft dezent bleibt, k\u00f6nnen gezielt eingesetzte Farben wahre Wunder wirken. Wer sich nicht gleich an farbige W\u00e4nde traut, kann mit <strong data-start=\"609\" data-end=\"631\">farbigen Teppichen<\/strong>, <strong data-start=\"633\" data-end=\"643\">Kissen<\/strong>, <strong data-start=\"645\" data-end=\"658\">Vorh\u00e4ngen<\/strong> oder <strong data-start=\"664\" data-end=\"675\">Bildern<\/strong> experimentieren. Diese Elemente lassen sich leicht austauschen und bieten die M\u00f6glichkeit, verschiedene <strong data-start=\"780\" data-end=\"796\">Farbkonzepte<\/strong> zu testen, ohne sich dauerhaft festzulegen.<\/p><p data-start=\"842\" data-end=\"1326\"><strong data-start=\"842\" data-end=\"866\">Tipp f\u00fcr Einsteiger:<\/strong> Bleiben Sie bei <strong data-start=\"883\" data-end=\"919\">zwei bis drei Farbt\u00f6nen pro Raum<\/strong>, um visuelle Unruhe zu vermeiden. Ein harmonisches Farbkonzept sorgt f\u00fcr ein ruhiges Gesamtbild \u2013 besonders wichtig, wenn Sie <strong data-start=\"1046\" data-end=\"1073\">kleine R\u00e4ume einrichten<\/strong>. Statt eine komplette Umf\u00e4rbung vorzunehmen, setzen Sie lieber auf <strong data-start=\"1141\" data-end=\"1157\">Akzentfarben<\/strong>, zum Beispiel in Form eines markanten Sessels, einer bunten Vase oder farbiger Kunst an der Wand. So bleibt der Raum optisch ausgewogen und wirkt gleichzeitig lebendig.<\/p><p data-start=\"1328\" data-end=\"1676\">Auch Materialien spielen bei der <strong data-start=\"1361\" data-end=\"1379\">Farbgestaltung<\/strong> eine Rolle: Naturmaterialien wie Holz, Rattan oder Leinen bringen W\u00e4rme ins Spiel und lassen sich hervorragend mit sanften Farbt\u00f6nen kombinieren. Wer mutiger ist, kann mit <strong data-start=\"1552\" data-end=\"1570\">Farbkontrasten<\/strong> arbeiten \u2013 etwa durch eine dunkle Wand hinter einem hellen Sofa, was besonders stilvoll und modern wirkt.<\/p><p data-start=\"1678\" data-end=\"2049\" data-is-last-node=\"\" data-is-only-node=\"\">Die gezielte Farbwahl ist ein wichtiger Bestandteil der <strong data-start=\"1734\" data-end=\"1752\">Raumgestaltung<\/strong>. Sie beeinflusst nicht nur die Stimmung, sondern auch die gef\u00fchlte Gr\u00f6\u00dfe eines Raumes. Helle T\u00f6ne \u00f6ffnen den Raum optisch, w\u00e4hrend dunklere Farben Tiefe schaffen \u2013 ideal f\u00fcr gezielte Zonenbildung in <strong data-start=\"1952\" data-end=\"1975\">kompakten Wohnungen<\/strong>. So gelingt ein stimmiges, farbenfrohes und dennoch ruhiges Wohnambiente.<\/p>\t\t\t\t\t\t\t\t<\/div>\n\t\t\t\t<\/div>\n\t\t\t\t<div class=\"elementor-element elementor-element-eda24b2 elementor-widget elementor-widget-heading\" data-id=\"eda24b2\" data-element_type=\"widget\" data-e-type=\"widget\" data-widget_type=\"heading.default\">\n\t\t\t\t<div class=\"elementor-widget-container\">\n\t\t\t\t\t<h2 class=\"elementor-heading-title elementor-size-default\">Fazit: Farbgestaltung bewusst nutzen \u2013 f\u00fcr R\u00e4ume, die wirken<\/h2>\t\t\t\t<\/div>\n\t\t\t\t<\/div>\n\t\t\t\t<div class=\"elementor-element elementor-element-13a67186 elementor-widget elementor-widget-text-editor\" data-id=\"13a67186\" data-element_type=\"widget\" data-e-type=\"widget\" data-widget_type=\"text-editor.default\">\n\t\t\t\t<div class=\"elementor-widget-container\">\n\t\t\t\t\t\t\t\t\t<p>Die Auswahl der Farben ist kein blo\u00dfes Stilmittel, sondern ein Werkzeug zur Rauminszenierung. Ob beruhigend, anregend, vergr\u00f6\u00dfernd oder fokussierend \u2013 Farben formen Stimmungen, unterstreichen Funktionen und geben Ihrem Zuhause Charakter.<\/p><p><strong>Unsere Key-Facts im \u00dcberblick:<\/strong><\/p><ul><li><strong>Farben haben psychologische Wirkung<\/strong> \u2013 nutzen Sie sie gezielt!<\/li><li><strong>Entspannende Wandfarben<\/strong> wie Blau und Gr\u00fcn sorgen f\u00fcr mehr Wohlbefinden.<\/li><li><strong>Konzentrationsf\u00f6rdernde Farben<\/strong> wie k\u00fchles Blau oder neutrales Grau unterst\u00fctzen den Fokus.<\/li><li><strong>Farbgestaltung f\u00fcr kleine R\u00e4ume<\/strong> setzt auf helle, weite T\u00f6ne.<\/li><li><strong>Einrichtung mit Farben<\/strong> funktioniert auch \u00fcber M\u00f6bel und Dekoration.<\/li><\/ul><p>Lassen Sie sich von der Kraft der Farben inspirieren \u2013 und gestalten Sie R\u00e4ume, die nicht nur sch\u00f6n, sondern auch funktional und stimmungsvoll sind.<\/p>\t\t\t\t\t\t\t\t<\/div>\n\t\t\t\t<\/div>\n\t\t<div class=\"elementor-element elementor-element-1eda5a9 e-flex e-con-boxed e-con e-parent\" data-id=\"1eda5a9\" data-element_type=\"container\" data-e-type=\"container\">\n\t\t\t\t\t<div class=\"e-con-inner\">\n\t\t\t\t<div class=\"elementor-element elementor-element-1bba9f2 elementor-author-box--layout-image-left elementor-author-box--align-left elementor-author-box--image-valign-middle elementor-widget elementor-widget-author-box\" data-id=\"1bba9f2\" data-element_type=\"widget\" data-e-type=\"widget\" data-widget_type=\"author-box.default\">\n\t\t\t\t<div class=\"elementor-widget-container\">\n\t\t\t\t\t\t\t<div class=\"elementor-author-box\">\n\t\t\t\t\t\t\t<div  class=\"elementor-author-box__avatar\">\n\t\t\t\t\t<img decoding=\"async\" src=\"https:\/\/massivart.de\/magazin\/wp-content\/uploads\/2025\/05\/Massivart-Magazin-Avatar-4-wissen-1-236x300.jpg\" alt=\"Bild von Lukas Weber\" loading=\"lazy\">\n\t\t\t\t<\/div>\n\t\t\t\n\t\t\t<div class=\"elementor-author-box__text\">\n\t\t\t\t\t\t\t\t\t<div >\n\t\t\t\t\t\t<h4 class=\"elementor-author-box__name\">\n\t\t\t\t\t\t\tLukas Weber\t\t\t\t\t\t<\/h4>\n\t\t\t\t\t<\/div>\n\t\t\t\t\n\t\t\t\t\t\t\t\t\t<div class=\"elementor-author-box__bio\">\n\t\t\t\t\t\t<p>Lukas Weber ist unser Experte f\u00fcr Holz- und M\u00f6beltechnik \u2013 und Autor im MassivArt-Magazin. Mit fundiertem Fachwissen, handwerklicher Erfahrung und einer gro\u00dfen Leidenschaft f\u00fcr Massivholz erkl\u00e4rt er, was M\u00f6bel wirklich langlebig, funktional und hochwertig macht. Ob Verarbeitung, Konstruktion oder Pflege: Lukas bringt technische Details verst\u00e4ndlich auf den Punkt und zeigt, worauf es bei Qualit\u00e4t und nachhaltigem M\u00f6belbau wirklich ankommt.<\/p>\n\t\t\t\t\t<\/div>\n\t\t\t\t\n\t\t\t\t\t\t\t<\/div>\n\t\t<\/div>\n\t\t\t\t\t\t<\/div>\n\t\t\t\t<\/div>\n\t\t\t\t\t<\/div>\n\t\t\t\t<\/div>\n\t\t\t\t\t<\/div>\n\t\t<\/div>\n\t\t\t\t\t<\/div>\n\t\t<\/section>\n\t\t\t\t<\/div>\n\t\t","protected":false},"excerpt":{"rendered":"<p>Hier zeigen wir, wie die richtige Farbwahl Ihre R\u00e4ume positiv ver\u00e4ndern kann.<\/p>\n","protected":false},"author":2,"featured_media":2885,"comment_status":"closed","ping_status":"closed","sticky":false,"template":"","format":"standard","meta":{"footnotes":""},"categories":[1,8],"tags":[],"class_list":["post-2827","post","type-post","status-publish","format-standard","has-post-thumbnail","hentry","category-allgemein","category-wohnen"],"_links":{"self":[{"href":"https:\/\/massivart.de\/magazin\/wp-json\/wp\/v2\/posts\/2827","targetHints":{"allow":["GET"]}}],"collection":[{"href":"https:\/\/massivart.de\/magazin\/wp-json\/wp\/v2\/posts"}],"about":[{"href":"https:\/\/massivart.de\/magazin\/wp-json\/wp\/v2\/types\/post"}],"author":[{"embeddable":true,"href":"https:\/\/massivart.de\/magazin\/wp-json\/wp\/v2\/users\/2"}],"replies":[{"embeddable":true,"href":"https:\/\/massivart.de\/magazin\/wp-json\/wp\/v2\/comments?post=2827"}],"version-history":[{"count":50,"href":"https:\/\/massivart.de\/magazin\/wp-json\/wp\/v2\/posts\/2827\/revisions"}],"predecessor-version":[{"id":3222,"href":"https:\/\/massivart.de\/magazin\/wp-json\/wp\/v2\/posts\/2827\/revisions\/3222"}],"wp:featuredmedia":[{"embeddable":true,"href":"https:\/\/massivart.de\/magazin\/wp-json\/wp\/v2\/media\/2885"}],"wp:attachment":[{"href":"https:\/\/massivart.de\/magazin\/wp-json\/wp\/v2\/media?parent=2827"}],"wp:term":[{"taxonomy":"category","embeddable":true,"href":"https:\/\/massivart.de\/magazin\/wp-json\/wp\/v2\/categories?post=2827"},{"taxonomy":"post_tag","embeddable":true,"href":"https:\/\/massivart.de\/magazin\/wp-json\/wp\/v2\/tags?post=2827"}],"curies":[{"name":"wp","href":"https:\/\/api.w.org\/{rel}","templated":true}]}}