{"id":2426,"date":"2025-05-28T09:22:27","date_gmt":"2025-05-28T07:22:27","guid":{"rendered":"https:\/\/massivart.de\/magazin\/?p=2426"},"modified":"2026-02-27T09:36:33","modified_gmt":"2026-02-27T08:36:33","slug":"polstermobel-die-besten-tipps-und-tricks","status":"publish","type":"post","link":"https:\/\/massivart.de\/magazin\/polstermobel-die-besten-tipps-und-tricks\/","title":{"rendered":"Polsterm\u00f6bel \u2013 Die besten Tipps und Tricks, wenn es um Ihre Polsterm\u00f6bel geht"},"content":{"rendered":"\t\t<div data-elementor-type=\"wp-post\" data-elementor-id=\"2426\" class=\"elementor elementor-2426\" data-elementor-post-type=\"post\">\n\t\t\t\t<div class=\"elementor-element elementor-element-38e3f5e9 e-flex e-con-boxed e-con e-parent\" data-id=\"38e3f5e9\" data-element_type=\"container\" data-e-type=\"container\">\n\t\t\t\t\t<div class=\"e-con-inner\">\n\t\t\t\t<div class=\"elementor-element elementor-element-e2730f1 elementor-widget elementor-widget-global elementor-global-608 elementor-widget-html\" data-id=\"e2730f1\" data-element_type=\"widget\" data-e-type=\"widget\" data-widget_type=\"html.default\">\n\t\t\t\t<div class=\"elementor-widget-container\">\n\t\t\t\t\t<nav aria-label=\"breadcrumbs\" class=\"rank-math-breadcrumb\"><p><span class=\"last\">Home<\/span><\/p><\/nav>\t\t\t\t<\/div>\n\t\t\t\t<\/div>\n\t\t\t\t\t<\/div>\n\t\t\t\t<\/div>\n\t\t\t\t<section class=\"elementor-section elementor-top-section elementor-element elementor-element-2731c7ac elementor-section-boxed elementor-section-height-default elementor-section-height-default\" data-id=\"2731c7ac\" data-element_type=\"section\" data-e-type=\"section\" data-settings=\"{&quot;background_background&quot;:&quot;classic&quot;}\">\n\t\t\t\t\t\t<div class=\"elementor-container elementor-column-gap-default\">\n\t\t\t\t\t<div class=\"elementor-column elementor-col-100 elementor-top-column elementor-element elementor-element-5be9315b\" data-id=\"5be9315b\" data-element_type=\"column\" data-e-type=\"column\">\n\t\t\t<div class=\"elementor-widget-wrap elementor-element-populated\">\n\t\t\t\t\t\t<div class=\"elementor-element elementor-element-3cc2e13a elementor-widget elementor-widget-theme-post-featured-image elementor-widget-image\" data-id=\"3cc2e13a\" data-element_type=\"widget\" data-e-type=\"widget\" data-widget_type=\"theme-post-featured-image.default\">\n\t\t\t\t<div class=\"elementor-widget-container\">\n\t\t\t\t\t\t\t\t\t\t\t\t\t\t\t<img fetchpriority=\"high\" decoding=\"async\" width=\"1120\" height=\"400\" src=\"https:\/\/massivart.de\/magazin\/wp-content\/uploads\/2025\/05\/polstermoebel-banner-massivart-1.jpg\" class=\"attachment-full size-full wp-image-2575\" alt=\"Polsterm\u00f6bel Banner MassivArt\" srcset=\"https:\/\/massivart.de\/magazin\/wp-content\/uploads\/2025\/05\/polstermoebel-banner-massivart-1.jpg 1120w, https:\/\/massivart.de\/magazin\/wp-content\/uploads\/2025\/05\/polstermoebel-banner-massivart-1-300x107.jpg 300w, https:\/\/massivart.de\/magazin\/wp-content\/uploads\/2025\/05\/polstermoebel-banner-massivart-1-1024x366.jpg 1024w, https:\/\/massivart.de\/magazin\/wp-content\/uploads\/2025\/05\/polstermoebel-banner-massivart-1-768x274.jpg 768w\" sizes=\"(max-width: 1120px) 100vw, 1120px\" \/>\t\t\t\t\t\t\t\t\t\t\t\t\t\t\t<\/div>\n\t\t\t\t<\/div>\n\t\t\t\t\t<\/div>\n\t\t<\/div>\n\t\t\t\t\t<\/div>\n\t\t<\/section>\n\t\t\t\t<section class=\"elementor-section elementor-top-section elementor-element elementor-element-2325c9e7 elementor-section-boxed elementor-section-height-default elementor-section-height-default\" data-id=\"2325c9e7\" data-element_type=\"section\" data-e-type=\"section\" data-settings=\"{&quot;background_background&quot;:&quot;classic&quot;}\">\n\t\t\t\t\t\t<div class=\"elementor-container elementor-column-gap-default\">\n\t\t\t\t\t<div class=\"elementor-column elementor-col-100 elementor-top-column elementor-element elementor-element-3cad1b61\" data-id=\"3cad1b61\" data-element_type=\"column\" data-e-type=\"column\">\n\t\t\t<div class=\"elementor-widget-wrap elementor-element-populated\">\n\t\t\t\t\t\t<div class=\"elementor-element elementor-element-351431ef elementor-widget elementor-widget-global elementor-global-381 elementor-widget-theme-post-title\" data-id=\"351431ef\" data-element_type=\"widget\" data-e-type=\"widget\" data-widget_type=\"theme-post-title.default\">\n\t\t\t\t<div class=\"elementor-widget-container\">\n\t\t\t\t\t<h1 class=\"elementor-heading-title elementor-size-default\">Polsterm\u00f6bel \u2013 Die besten Tipps und Tricks, wenn es um Ihre Polsterm\u00f6bel geht<\/h1>\t\t\t\t<\/div>\n\t\t\t\t<\/div>\n\t\t\t\t<div class=\"elementor-element elementor-element-14c3c45f elementor-widget elementor-widget-global elementor-global-384 elementor-widget-post-info\" data-id=\"14c3c45f\" data-element_type=\"widget\" data-e-type=\"widget\" data-widget_type=\"post-info.default\">\n\t\t\t\t<div class=\"elementor-widget-container\">\n\t\t\t\t\t\t\t<ul class=\"elementor-inline-items elementor-icon-list-items elementor-post-info\">\n\t\t\t\t\t\t\t\t<li class=\"elementor-icon-list-item elementor-repeater-item-51f8952 elementor-inline-item\" itemprop=\"datePublished\">\n\t\t\t\t\t\t<a href=\"https:\/\/massivart.de\/magazin\/2025\/05\/28\/\">\n\t\t\t\t\t\t\t\t\t\t\t<span class=\"elementor-icon-list-icon\">\n\t\t\t\t\t\t\t\t<svg aria-hidden=\"true\" class=\"e-font-icon-svg e-far-calendar-alt\" viewBox=\"0 0 448 512\" xmlns=\"http:\/\/www.w3.org\/2000\/svg\"><path d=\"M148 288h-40c-6.6 0-12-5.4-12-12v-40c0-6.6 5.4-12 12-12h40c6.6 0 12 5.4 12 12v40c0 6.6-5.4 12-12 12zm108-12v-40c0-6.6-5.4-12-12-12h-40c-6.6 0-12 5.4-12 12v40c0 6.6 5.4 12 12 12h40c6.6 0 12-5.4 12-12zm96 0v-40c0-6.6-5.4-12-12-12h-40c-6.6 0-12 5.4-12 12v40c0 6.6 5.4 12 12 12h40c6.6 0 12-5.4 12-12zm-96 96v-40c0-6.6-5.4-12-12-12h-40c-6.6 0-12 5.4-12 12v40c0 6.6 5.4 12 12 12h40c6.6 0 12-5.4 12-12zm-96 0v-40c0-6.6-5.4-12-12-12h-40c-6.6 0-12 5.4-12 12v40c0 6.6 5.4 12 12 12h40c6.6 0 12-5.4 12-12zm192 0v-40c0-6.6-5.4-12-12-12h-40c-6.6 0-12 5.4-12 12v40c0 6.6 5.4 12 12 12h40c6.6 0 12-5.4 12-12zm96-260v352c0 26.5-21.5 48-48 48H48c-26.5 0-48-21.5-48-48V112c0-26.5 21.5-48 48-48h48V12c0-6.6 5.4-12 12-12h40c6.6 0 12 5.4 12 12v52h128V12c0-6.6 5.4-12 12-12h40c6.6 0 12 5.4 12 12v52h48c26.5 0 48 21.5 48 48zm-48 346V160H48v298c0 3.3 2.7 6 6 6h340c3.3 0 6-2.7 6-6z\"><\/path><\/svg>\t\t\t\t\t\t\t<\/span>\n\t\t\t\t\t\t\t\t\t<span class=\"elementor-icon-list-text elementor-post-info__item elementor-post-info__item--type-date\">\n\t\t\t\t\t\t\t\t\t\t<time>Mai 28, 2025<\/time>\t\t\t\t\t<\/span>\n\t\t\t\t\t\t\t\t\t<\/a>\n\t\t\t\t<\/li>\n\t\t\t\t<\/ul>\n\t\t\t\t\t\t<\/div>\n\t\t\t\t<\/div>\n\t\t\t\t<div class=\"elementor-element elementor-element-29fbd9c3 elementor-widget-divider--view-line elementor-widget elementor-widget-divider\" data-id=\"29fbd9c3\" data-element_type=\"widget\" data-e-type=\"widget\" data-widget_type=\"divider.default\">\n\t\t\t\t<div class=\"elementor-widget-container\">\n\t\t\t\t\t\t\t<div class=\"elementor-divider\">\n\t\t\t<span class=\"elementor-divider-separator\">\n\t\t\t\t\t\t<\/span>\n\t\t<\/div>\n\t\t\t\t\t\t<\/div>\n\t\t\t\t<\/div>\n\t\t\t\t<div class=\"elementor-element elementor-element-6f3e59e1 elementor-widget elementor-widget-text-editor\" data-id=\"6f3e59e1\" data-element_type=\"widget\" data-e-type=\"widget\" data-widget_type=\"text-editor.default\">\n\t\t\t\t<div class=\"elementor-widget-container\">\n\t\t\t\t\t\t\t\t\t<p>Polsterm\u00f6bel sind mehr als nur Sitzgelegenheiten \u2013 sie sind das Herzst\u00fcck jedes Wohnzimmers. Ob gem\u00fctliches <a href=\"https:\/\/massivart.de\/ecksofas\/\"><strong>Ecksofa<\/strong><\/a>, funktionales <a href=\"https:\/\/massivart.de\/schlafsofas\/\"><strong>Schlafsofa<\/strong><\/a>, elegante <a href=\"https:\/\/massivart.de\/wohnlandschaften\/\"><strong>Wohnlandschaft<\/strong> <\/a>oder bequemer <strong>Sessel<\/strong> \u2013 sie alle tragen dazu bei, dass Ihr Zuhause ein Ort der Entspannung und des Zusammenseins ist. Doch damit Ihre Polsterm\u00f6bel nicht nur gut aussehen, sondern auch lange halten, ist die richtige Pflege und Auswahl entscheidend.<\/p><p>\u00a0In diesem Ratgeber erfahren Sie alles Wissenswerte rund um das Thema Polsterm\u00f6bel. Wir geben Ihnen wertvolle Tipps zur Auswahl, Pflege und Nutzung, damit Sie lange Freude an Ihren M\u00f6beln haben. Entdecken Sie, welche <strong>Polsterm\u00f6bel aus Massivholz mit Stoffbezug<\/strong> besonders langlebig sind, wie Sie <strong>nachhaltige Polsterm\u00f6bel<\/strong> erkennen und welche L\u00f6sungen es f\u00fcr <strong>Polsterm\u00f6bel f\u00fcr kleine Wohnzimmer<\/strong> gibt.<\/p><p>Lassen Sie sich inspirieren und machen Sie Ihr Zuhause zu einem gem\u00fctlichen Treffpunkt f\u00fcr Familie und Freunde!<\/p>\t\t\t\t\t\t\t\t<\/div>\n\t\t\t\t<\/div>\n\t\t\t\t<div class=\"elementor-element elementor-element-2d4c511f elementor-toc--minimized-on-none elementor-widget elementor-widget-global elementor-global-378 elementor-widget-table-of-contents\" data-id=\"2d4c511f\" data-element_type=\"widget\" data-e-type=\"widget\" data-settings=\"{&quot;headings_by_tags&quot;:[&quot;h2&quot;,&quot;h4&quot;],&quot;exclude_headings_by_selector&quot;:[],&quot;minimized_on&quot;:&quot;none&quot;,&quot;no_headings_message&quot;:&quot;No headings were found on this page.&quot;,&quot;min_height&quot;:{&quot;unit&quot;:&quot;px&quot;,&quot;size&quot;:0,&quot;sizes&quot;:[]},&quot;marker_view&quot;:&quot;numbers&quot;,&quot;minimize_box&quot;:&quot;yes&quot;,&quot;hierarchical_view&quot;:&quot;yes&quot;,&quot;min_height_tablet&quot;:{&quot;unit&quot;:&quot;px&quot;,&quot;size&quot;:&quot;&quot;,&quot;sizes&quot;:[]},&quot;min_height_mobile&quot;:{&quot;unit&quot;:&quot;px&quot;,&quot;size&quot;:&quot;&quot;,&quot;sizes&quot;:[]}}\" data-widget_type=\"table-of-contents.default\">\n\t\t\t\t<div class=\"elementor-widget-container\">\n\t\t\t\t\t\t\t\t\t<div class=\"elementor-toc__header\">\n\t\t\t\t\t\t\t\t\t\t<div class=\"elementor-toc__toggle-button elementor-toc__toggle-button--expand\" role=\"button\" tabindex=\"0\" aria-controls=\"elementor-toc__2d4c511f\" aria-expanded=\"true\" aria-label=\"Inhaltsverzeichnis \u00f6ffnen\"><\/div>\n\t\t\t\t<div class=\"elementor-toc__toggle-button elementor-toc__toggle-button--collapse\" role=\"button\" tabindex=\"0\" aria-controls=\"elementor-toc__2d4c511f\" aria-expanded=\"true\" aria-label=\"Inhaltsverzeichnis schlie\u00dfen\"><\/div>\n\t\t\t\t\t<\/div>\n\t\t\t\t<div id=\"elementor-toc__2d4c511f\" class=\"elementor-toc__body\">\n\t\t\t<div class=\"elementor-toc__spinner-container\">\n\t\t\t\t<svg class=\"elementor-toc__spinner eicon-animation-spin e-font-icon-svg e-eicon-loading\" aria-hidden=\"true\" viewBox=\"0 0 1000 1000\" xmlns=\"http:\/\/www.w3.org\/2000\/svg\"><path d=\"M500 975V858C696 858 858 696 858 500S696 142 500 142 142 304 142 500H25C25 237 238 25 500 25S975 237 975 500 763 975 500 975Z\"><\/path><\/svg>\t\t\t<\/div>\n\t\t<\/div>\n\t\t\t\t\t\t<\/div>\n\t\t\t\t<\/div>\n\t\t\t\t<div class=\"elementor-element elementor-element-1b369c59 elementor-widget elementor-widget-heading\" data-id=\"1b369c59\" data-element_type=\"widget\" data-e-type=\"widget\" data-widget_type=\"heading.default\">\n\t\t\t\t<div class=\"elementor-widget-container\">\n\t\t\t\t\t<h2 class=\"elementor-heading-title elementor-size-default\">Polsterm\u00f6bel aus Massivholz mit Stoffbezug<\/h2>\t\t\t\t<\/div>\n\t\t\t\t<\/div>\n\t\t\t\t<div class=\"elementor-element elementor-element-478b77b2 elementor-widget elementor-widget-text-editor\" data-id=\"478b77b2\" data-element_type=\"widget\" data-e-type=\"widget\" data-widget_type=\"text-editor.default\">\n\t\t\t\t<div class=\"elementor-widget-container\">\n\t\t\t\t\t\t\t\t\t<p data-start=\"289\" data-end=\"1069\">Polsterm\u00f6bel mit einem Rahmen aus <b>Massivholz<\/b> sind die K\u00f6nigsklasse an Robustheit und Langlebigkeit. Ein stabiles Grundger\u00fcst aus <strong>Eiche, Buche oder Kiefer<\/strong> widersteht jahrelang der t\u00e4glichen Beanspruchung und beh\u00e4lt auch bei h\u00e4ufiger Nutzung seine Form. Massivholz verf\u00fcgt zudem \u00fcber eine nat\u00fcrliche <strong>W\u00e4rmespeicherf\u00e4higkeit<\/strong>, was insbesondere in k\u00fchleren Jahreszeiten den Sitzkomfort erh\u00f6ht. Beim Stoffbezug haben Sie die Wahl zwischen zahlreichen Materialien: Baumwolle wirkt luftig und frisch, <a href=\"https:\/\/massivart.de\/ecksofas\/?order=reihenfolge&amp;p=1&amp;properties=e15c7bf5367041fbab3e29db0b554eb4\"><strong>Cord<\/strong> <\/a>verleiht edle Nat\u00fcrlichkeit, w\u00e4hrend Mikrofaser pflegeleichter und in vielen Farben erh\u00e4ltlich ist. Wichtig ist, auf Martindale-Werte zu achten \u2013 sie geben Auskunft dar\u00fcber, wie widerstandsf\u00e4hig der Bezug gegen Scheuern ist. Ein Wert ab 25.000 Zyklen gilt als sehr strapazierf\u00e4hig.<\/p><p data-start=\"1071\" data-end=\"1700\">Neben der Materialqualit\u00e4t spielt die <strong>Polsterung<\/strong> eine gro\u00dfe Rolle. Kaltschaum bietet guten Halt und R\u00fcckstellkraft, w\u00e4hrend ein <strong>Federkernpolster<\/strong> noch besseren Sitzkomfort und Federung bietet. Eine Kombination aus beiden, etwa Schaumstoffauflage und darunterliegendem <strong>Bonell- oder Tonnentaschenfederkern<\/strong>, ist ideal f\u00fcr langanhaltende Gem\u00fctlichkeit. Verstellbare R\u00fcckenlehnen, ausziehbare Elemente oder integrierte Fu\u00dfst\u00fctzen erh\u00f6hen die Flexibilit\u00e4t \u2013 perfekt f\u00fcr ein individuelles Wohngef\u00fchl. Achten Sie au\u00dferdem darauf, ob die Bez\u00fcge abnehmbar und waschbar sind. Das erleichtert die Pflege enorm und erh\u00e4lt die Optik \u00fcber Jahre.<\/p><p data-start=\"1702\" data-end=\"2200\">Kombinieren Sie Kissen in unterschiedlichen Gr\u00f6\u00dfen und Texturen, um dem M\u00f6belst\u00fcck Tiefe und Pers\u00f6nlichkeit zu verleihen. Auf diese Weise verschmilzt das <strong>Polsterm\u00f6bel<\/strong> nahtlos mit Ihrem Wohnkonzept und wird zum Blickfang, ohne dominant zu wirken.<\/p>\t\t\t\t\t\t\t\t<\/div>\n\t\t\t\t<\/div>\n\t\t\t\t<div class=\"elementor-element elementor-element-728744f elementor-widget elementor-widget-image\" data-id=\"728744f\" data-element_type=\"widget\" data-e-type=\"widget\" data-widget_type=\"image.default\">\n\t\t\t\t<div class=\"elementor-widget-container\">\n\t\t\t\t\t\t\t\t\t\t\t\t\t\t\t<img decoding=\"async\" width=\"1920\" height=\"1076\" src=\"https:\/\/massivart.de\/magazin\/wp-content\/uploads\/2025\/05\/Ecksofa-grau-301-x-195-cm-Sitztiefenverstellung-MASTER.jpeg\" class=\"attachment-full size-full wp-image-2576\" alt=\"Ecksofa MASTER\" srcset=\"https:\/\/massivart.de\/magazin\/wp-content\/uploads\/2025\/05\/Ecksofa-grau-301-x-195-cm-Sitztiefenverstellung-MASTER.jpeg 1920w, https:\/\/massivart.de\/magazin\/wp-content\/uploads\/2025\/05\/Ecksofa-grau-301-x-195-cm-Sitztiefenverstellung-MASTER-300x168.jpeg 300w, https:\/\/massivart.de\/magazin\/wp-content\/uploads\/2025\/05\/Ecksofa-grau-301-x-195-cm-Sitztiefenverstellung-MASTER-1024x574.jpeg 1024w, https:\/\/massivart.de\/magazin\/wp-content\/uploads\/2025\/05\/Ecksofa-grau-301-x-195-cm-Sitztiefenverstellung-MASTER-768x430.jpeg 768w, https:\/\/massivart.de\/magazin\/wp-content\/uploads\/2025\/05\/Ecksofa-grau-301-x-195-cm-Sitztiefenverstellung-MASTER-1536x861.jpeg 1536w\" sizes=\"(max-width: 1920px) 100vw, 1920px\" \/>\t\t\t\t\t\t\t\t\t\t\t\t\t\t\t<\/div>\n\t\t\t\t<\/div>\n\t\t\t\t<div class=\"elementor-element elementor-element-4a7a580b elementor-widget elementor-widget-heading\" data-id=\"4a7a580b\" data-element_type=\"widget\" data-e-type=\"widget\" data-widget_type=\"heading.default\">\n\t\t\t\t<div class=\"elementor-widget-container\">\n\t\t\t\t\t<h2 class=\"elementor-heading-title elementor-size-default\">Nachhaltige Polsterm\u00f6bel<\/h2>\t\t\t\t<\/div>\n\t\t\t\t<\/div>\n\t\t\t\t<div class=\"elementor-element elementor-element-3ca88628 elementor-widget elementor-widget-text-editor\" data-id=\"3ca88628\" data-element_type=\"widget\" data-e-type=\"widget\" data-widget_type=\"text-editor.default\">\n\t\t\t\t<div class=\"elementor-widget-container\">\n\t\t\t\t\t\t\t\t\t<p data-start=\"2238\" data-end=\"2769\"><strong>Nachhaltigkeit<\/strong> ist l\u00e4ngst kein Nischenthema mehr, sondern ein entscheidender Faktor beim M\u00f6belkauf. Hersteller setzen vermehrt auf <strong>recycelte Materialien, schadstofffreie Klebstoffe und umweltfreundliche Verpackungen<\/strong>. Achten Sie deshalb auf renommierte \u00d6ko-Siegel wie den Blauen Engel, FSC oder \u00d6ko-Tex Standard 100. Diese Zertifikate garantieren, dass das Holz aus verantwortungsvoller Forstwirtschaft stammt, dass textile Bez\u00fcge frei von sch\u00e4dlichen Chemikalien sind und dass bei der Produktion faire Arbeitsbedingungen herrschen.<\/p><p data-start=\"2771\" data-end=\"3232\">Ein weiteres Kriterium nachhaltiger Polsterm\u00f6bel ist <strong>Modularit\u00e4t<\/strong>: M\u00f6belst\u00fccke, die sich leicht auseinandernehmen und reparieren lassen, verl\u00e4ngern die Lebensdauer. Einzelne Module wie Armlehnen, Sitzkissen oder R\u00fcckenteile k\u00f6nnen ausgetauscht werden, ohne das gesamte Sofa ersetzen zu m\u00fcssen. Das schont Ressourcen und Ihren Geldbeutel.\u00a0<\/p><p data-start=\"3234\" data-end=\"3659\">Auch das Thema <strong>Regionalit\u00e4t<\/strong> gewinnt an Bedeutung. Kurze Transportwege reduzieren den CO\u2082-Aussto\u00df erheblich. Lokale Hersteller k\u00f6nnen zudem transparenter \u00fcber ihre Produktionsbedingungen Auskunft geben. Ideal sind Werkst\u00e4tten, die nach dem \u201eCradle-to-Cradle\u201c-Prinzip arbeiten und bei denen alle Bestandteile eines M\u00f6bels am Ende ihrer Lebensdauer wiederverwertbar sind.<\/p><p data-start=\"3661\" data-end=\"4025\">Nicht zuletzt spielt die <strong>Langlebigkeit<\/strong> eine zentrale Rolle f\u00fcr Nachhaltigkeit. Ein zeitloses Design und eine hochwertige Verarbeitung lassen Polsterm\u00f6bel Generationen \u00fcberdauern. Investieren Sie lieber in ein <strong>qualitativ hochwertiges<\/strong>, schlichtes Design als in einen kurzlebigen Trend. So vermeiden Sie h\u00e4ufige Neuanschaffungen und tragen aktiv zum Umweltschutz bei.<\/p>\t\t\t\t\t\t\t\t<\/div>\n\t\t\t\t<\/div>\n\t\t\t\t<div class=\"elementor-element elementor-element-45d8ce7 elementor-widget elementor-widget-heading\" data-id=\"45d8ce7\" data-element_type=\"widget\" data-e-type=\"widget\" data-widget_type=\"heading.default\">\n\t\t\t\t<div class=\"elementor-widget-container\">\n\t\t\t\t\t<h2 class=\"elementor-heading-title elementor-size-default\">Polsterm\u00f6bel f\u00fcr kleine Wohnzimmer<\/h2>\t\t\t\t<\/div>\n\t\t\t\t<\/div>\n\t\t\t\t<div class=\"elementor-element elementor-element-46e666ce elementor-widget elementor-widget-text-editor\" data-id=\"46e666ce\" data-element_type=\"widget\" data-e-type=\"widget\" data-widget_type=\"text-editor.default\">\n\t\t\t\t<div class=\"elementor-widget-container\">\n\t\t\t\t\t\t\t\t\t<p data-start=\"4073\" data-end=\"4438\"><strong>Kleine Wohnzimmer<\/strong> erfordern clevere Einrichtungsl\u00f6sungen, bei denen jedes M\u00f6belst\u00fcck mehrfachen Nutzen bietet. <a href=\"https:\/\/massivart.de\/ecksofas\/\"><strong>Kompakte Ecksofas<\/strong><\/a> ohne \u00fcberstehende Polsterlinien schaffen klare Raumkanten und lassen den Raum gro\u00dfz\u00fcgiger wirken. Achten Sie auf niedrige R\u00fcckenlehnen und filigrane F\u00fc\u00dfe: Diese zeichnen den Umriss des Sofas optisch nach, ohne den Raum zu fragmentieren.<\/p><p data-start=\"4440\" data-end=\"4952\"><a href=\"https:\/\/massivart.de\/schlafsofas\/\"><strong>Multifunktionale Schlafsofas<\/strong><\/a> sind in kleinen Wohnzimmern besonders beliebt. Modelle mit ausklappbarem Lattenrost oder integrierter Schlaffunktion bieten tags\u00fcber bequeme Sitzfl\u00e4chen und nachts ein richtiges Bett. Entscheiden Sie sich f\u00fcr solche mit praktischen <strong>Aufbewahrungsf\u00e4chern<\/strong> unter der Sitzfl\u00e4che: Decken und Kissen sind so stets griffbereit, aber au\u00dfer Sichtweite. F\u00fcr noch mehr Flexibilit\u00e4t sorgen Sessel mit Stauraum im Sitz: B\u00fccher, Decken oder Spielzeug sind aufger\u00e4umt und dennoch schnell erreichbar.<\/p><p data-start=\"4954\" data-end=\"5396\"><strong>Helle Farben<\/strong> verst\u00e4rken das Raumgef\u00fchl. Pastellt\u00f6ne oder dezente Graunuancen \u00f6ffnen optisch den Raum, w\u00e4hrend kr\u00e4ftige Akzente in Form von Kissen oder Plaids f\u00fcr Pers\u00f6nlichkeit sorgen. Vermeiden Sie gro\u00dffl\u00e4chige Muster, die den Blick festhalten; feine, regelm\u00e4\u00dfige Dessins sind in kleinen R\u00e4umen moderner und harmonischer. Spiegel an den W\u00e4nden oder spiegelnde Oberfl\u00e4chen auf <strong><a href=\"https:\/\/massivart.de\/beistelltische\/\">Beistelltischen<\/a> <\/strong>reflektieren zus\u00e4tzlich Licht und erzeugen Tiefe.<\/p>\t\t\t\t\t\t\t\t<\/div>\n\t\t\t\t<\/div>\n\t\t\t\t<div class=\"elementor-element elementor-element-34f6d74 elementor-widget elementor-widget-gallery\" data-id=\"34f6d74\" data-element_type=\"widget\" data-e-type=\"widget\" data-settings=\"{&quot;columns&quot;:3,&quot;columns_mobile&quot;:2,&quot;link_to&quot;:&quot;custom&quot;,&quot;url&quot;:{&quot;url&quot;:&quot;https:\\\/\\\/massivart.de\\\/polstermoebel\\\/&quot;,&quot;is_external&quot;:&quot;&quot;,&quot;nofollow&quot;:&quot;&quot;,&quot;custom_attributes&quot;:&quot;&quot;},&quot;lazyload&quot;:&quot;yes&quot;,&quot;gallery_layout&quot;:&quot;grid&quot;,&quot;columns_tablet&quot;:2,&quot;gap&quot;:{&quot;unit&quot;:&quot;px&quot;,&quot;size&quot;:10,&quot;sizes&quot;:[]},&quot;gap_tablet&quot;:{&quot;unit&quot;:&quot;px&quot;,&quot;size&quot;:10,&quot;sizes&quot;:[]},&quot;gap_mobile&quot;:{&quot;unit&quot;:&quot;px&quot;,&quot;size&quot;:10,&quot;sizes&quot;:[]},&quot;aspect_ratio&quot;:&quot;3:2&quot;,&quot;overlay_background&quot;:&quot;yes&quot;,&quot;content_hover_animation&quot;:&quot;fade-in&quot;}\" data-widget_type=\"gallery.default\">\n\t\t\t\t<div class=\"elementor-widget-container\">\n\t\t\t\t\t\t\t<div class=\"elementor-gallery__container\">\n\t\t\t\t\t\t\t<a class=\"e-gallery-item elementor-gallery-item elementor-animated-content\" href=\"https:\/\/massivart.de\/polstermoebel\/\">\n\t\t\t\t\t<div class=\"e-gallery-image elementor-gallery-item__image\" data-thumbnail=\"https:\/\/massivart.de\/magazin\/wp-content\/uploads\/2025\/05\/Wohnlandschaft-Cordbezug-beige-360-cm-SUMMER-768x430.jpeg\" data-width=\"768\" data-height=\"430\" aria-label=\"Wohnlandschaft Summer\" role=\"img\" ><\/div>\n\t\t\t\t\t\t\t\t\t\t\t<div class=\"elementor-gallery-item__overlay\"><\/div>\n\t\t\t\t\t\t\t\t\t\t\t\t\t\t<\/a>\n\t\t\t\t\t\t\t<a class=\"e-gallery-item elementor-gallery-item elementor-animated-content\" href=\"https:\/\/massivart.de\/polstermoebel\/\">\n\t\t\t\t\t<div class=\"e-gallery-image elementor-gallery-item__image\" data-thumbnail=\"https:\/\/massivart.de\/magazin\/wp-content\/uploads\/2025\/05\/Big-Sofa-gruen-Cord-308-cm-Federkernpolsterung-JANNI-768x430.jpeg\" data-width=\"768\" data-height=\"430\" aria-label=\"Big Sofa JANNI\" role=\"img\" ><\/div>\n\t\t\t\t\t\t\t\t\t\t\t<div class=\"elementor-gallery-item__overlay\"><\/div>\n\t\t\t\t\t\t\t\t\t\t\t\t\t\t<\/a>\n\t\t\t\t\t\t\t<a class=\"e-gallery-item elementor-gallery-item elementor-animated-content\" href=\"https:\/\/massivart.de\/polstermoebel\/\">\n\t\t\t\t\t<div class=\"e-gallery-image elementor-gallery-item__image\" data-thumbnail=\"https:\/\/massivart.de\/magazin\/wp-content\/uploads\/2025\/05\/Ecksofa-Cordbezug-grau-277-x-179-cm-LOGAN-768x430.jpeg\" data-width=\"768\" data-height=\"430\" aria-label=\"Ecksofa LOGAN\" role=\"img\" ><\/div>\n\t\t\t\t\t\t\t\t\t\t\t<div class=\"elementor-gallery-item__overlay\"><\/div>\n\t\t\t\t\t\t\t\t\t\t\t\t\t\t<\/a>\n\t\t\t\t\t\t\t<a class=\"e-gallery-item elementor-gallery-item elementor-animated-content\" href=\"https:\/\/massivart.de\/polstermoebel\/\">\n\t\t\t\t\t<div class=\"e-gallery-image elementor-gallery-item__image\" data-thumbnail=\"https:\/\/massivart.de\/magazin\/wp-content\/uploads\/2025\/05\/Einzelsofa-3-Sitzer-220-cm-Sofa-anthrazit-Schlaffunktion-RIZA-768x430.jpeg\" data-width=\"768\" data-height=\"430\" aria-label=\"Einzelsofa RIZA\" role=\"img\" ><\/div>\n\t\t\t\t\t\t\t\t\t\t\t<div class=\"elementor-gallery-item__overlay\"><\/div>\n\t\t\t\t\t\t\t\t\t\t\t\t\t\t<\/a>\n\t\t\t\t\t\t\t<a class=\"e-gallery-item elementor-gallery-item elementor-animated-content\" href=\"https:\/\/massivart.de\/polstermoebel\/\">\n\t\t\t\t\t<div class=\"e-gallery-image elementor-gallery-item__image\" data-thumbnail=\"https:\/\/massivart.de\/magazin\/wp-content\/uploads\/2025\/05\/Schlafsofa-grau-inkl-Topper-Bettkasten-206-x-160-cm-LINDAU-768x430.jpeg\" data-width=\"768\" data-height=\"430\" aria-label=\"Schlafsofa Lindau\" role=\"img\" ><\/div>\n\t\t\t\t\t\t\t\t\t\t\t<div class=\"elementor-gallery-item__overlay\"><\/div>\n\t\t\t\t\t\t\t\t\t\t\t\t\t\t<\/a>\n\t\t\t\t\t\t\t<a class=\"e-gallery-item elementor-gallery-item elementor-animated-content\" href=\"https:\/\/massivart.de\/polstermoebel\/\">\n\t\t\t\t\t<div class=\"e-gallery-image elementor-gallery-item__image\" data-thumbnail=\"https:\/\/massivart.de\/magazin\/wp-content\/uploads\/2025\/05\/Ecksofa-Sitztiefenverstellung-grau-285-x-200-cm-SPEED-768x430.jpeg\" data-width=\"768\" data-height=\"430\" aria-label=\"Ecksofa SPEED\" role=\"img\" ><\/div>\n\t\t\t\t\t\t\t\t\t\t\t<div class=\"elementor-gallery-item__overlay\"><\/div>\n\t\t\t\t\t\t\t\t\t\t\t\t\t\t<\/a>\n\t\t\t\t\t<\/div>\n\t\t\t\t\t<\/div>\n\t\t\t\t<\/div>\n\t\t\t\t<div class=\"elementor-element elementor-element-d075530 elementor-widget elementor-widget-heading\" data-id=\"d075530\" data-element_type=\"widget\" data-e-type=\"widget\" data-widget_type=\"heading.default\">\n\t\t\t\t<div class=\"elementor-widget-container\">\n\t\t\t\t\t<h2 class=\"elementor-heading-title elementor-size-default\">Wie lange halten Polsterm\u00f6bel?<\/h2>\t\t\t\t<\/div>\n\t\t\t\t<\/div>\n\t\t\t\t<div class=\"elementor-element elementor-element-4d097b85 elementor-widget elementor-widget-text-editor\" data-id=\"4d097b85\" data-element_type=\"widget\" data-e-type=\"widget\" data-widget_type=\"text-editor.default\">\n\t\t\t\t<div class=\"elementor-widget-container\">\n\t\t\t\t\t\t\t\t\t<p>Die Lebensdauer von Polsterm\u00f6beln h\u00e4ngt von verschiedenen Faktoren ab, darunter die Qualit\u00e4t der Materialien, die Verarbeitung und die Pflege. Hochwertige Polsterm\u00f6bel k\u00f6nnen bei guter Pflege viele Jahre halten.<\/p><h5>Bezugsmaterial<\/h5><p>Das <strong>Bezugsmaterial<\/strong> spielt eine entscheidende Rolle f\u00fcr die Haltbarkeit. Leder ist robust und langlebig, w\u00e4hrend Stoffbez\u00fcge in verschiedenen Qualit\u00e4ten erh\u00e4ltlich sind. Achten Sie auf die Abriebfestigkeit und die Pflegehinweise des Herstellers.<\/p><h5>Rahmenmaterial<\/h5><p>Ein stabiler <strong>Rahmen aus Massivholz oder Metall<\/strong> sorgt f\u00fcr eine lange Lebensdauer. Vermeiden Sie Polsterm\u00f6bel mit Rahmen aus minderwertigen Materialien, da diese schneller verschlei\u00dfen k\u00f6nnen.<\/p><h5>Designstil<\/h5><p>Der <strong>Designstil<\/strong> beeinflusst nicht nur die Optik, sondern auch die Funktionalit\u00e4t. Klassische Designs sind oft zeitlos und langlebig, w\u00e4hrend moderne Trends schneller aus der Mode kommen k\u00f6nnen. W\u00e4hlen Sie einen Stil, der zu Ihrem Geschmack und Ihrer Einrichtung passt.<\/p>\t\t\t\t\t\t\t\t<\/div>\n\t\t\t\t<\/div>\n\t\t\t\t<div class=\"elementor-element elementor-element-63f114bd elementor-widget elementor-widget-heading\" data-id=\"63f114bd\" data-element_type=\"widget\" data-e-type=\"widget\" data-widget_type=\"heading.default\">\n\t\t\t\t<div class=\"elementor-widget-container\">\n\t\t\t\t\t<h2 class=\"elementor-heading-title elementor-size-default\">Praktische Tipps f\u00fcr die Pflege Ihrer Polsterm\u00f6bel<\/h2>\t\t\t\t<\/div>\n\t\t\t\t<\/div>\n\t\t<div class=\"elementor-element elementor-element-c300c87 e-flex e-con-boxed e-con e-parent\" data-id=\"c300c87\" data-element_type=\"container\" data-e-type=\"container\">\n\t\t\t\t\t<div class=\"e-con-inner\">\n\t\t\t\t<div class=\"elementor-element elementor-element-1455356 elementor-widget__width-initial elementor-widget elementor-widget-text-editor\" data-id=\"1455356\" data-element_type=\"widget\" data-e-type=\"widget\" data-widget_type=\"text-editor.default\">\n\t\t\t\t<div class=\"elementor-widget-container\">\n\t\t\t\t\t\t\t\t\t<ul><li><strong>Regelm\u00e4\u00dfige Reinigung:<\/strong> Saugen Sie Ihre Polsterm\u00f6bel regelm\u00e4\u00dfig ab, um Staub und Schmutz zu entfernen.<\/li><li><strong>Flecken sofort behandeln:<\/strong> Entfernen Sie Flecken so schnell wie m\u00f6glich mit einem geeigneten Reinigungsmittel.<\/li><li><strong>Schutz vor Sonnenlicht:<\/strong> Direkte Sonneneinstrahlung kann das <strong>Bezugsmaterial<\/strong> ausbleichen. Platzieren Sie Ihre M\u00f6bel daher nicht direkt am Fenster oder verwenden Sie Vorh\u00e4nge.<\/li><li><strong>Luftfeuchtigkeit beachten:<\/strong> Eine zu hohe oder zu niedrige Luftfeuchtigkeit kann das Material besch\u00e4digen. Achten Sie auf ein ausgewogenes Raumklima.<\/li><li><strong>Pflegeprodukte verwenden:<\/strong> Nutzen Sie spezielle Pflegeprodukte f\u00fcr Leder oder Stoff, um das Material geschmeidig zu halten und vor Abnutzung zu sch\u00fctzen.<\/li><\/ul>\t\t\t\t\t\t\t\t<\/div>\n\t\t\t\t<\/div>\n\t\t\t\t\t<\/div>\n\t\t\t\t<\/div>\n\t\t\t\t<div class=\"elementor-element elementor-element-d1bef39 elementor-widget__width-initial elementor-absolute elementor-widget elementor-widget-image\" data-id=\"d1bef39\" data-element_type=\"widget\" data-e-type=\"widget\" data-settings=\"{&quot;_position&quot;:&quot;absolute&quot;}\" data-widget_type=\"image.default\">\n\t\t\t\t<div class=\"elementor-widget-container\">\n\t\t\t\t\t\t\t\t\t\t\t\t\t\t\t<img decoding=\"async\" width=\"800\" height=\"514\" src=\"https:\/\/massivart.de\/magazin\/wp-content\/uploads\/2025\/06\/polstermoebel-reinigen-massivart.jpg\" class=\"attachment-large size-large wp-image-2539\" alt=\"\" srcset=\"https:\/\/massivart.de\/magazin\/wp-content\/uploads\/2025\/06\/polstermoebel-reinigen-massivart.jpg 840w, https:\/\/massivart.de\/magazin\/wp-content\/uploads\/2025\/06\/polstermoebel-reinigen-massivart-300x193.jpg 300w, https:\/\/massivart.de\/magazin\/wp-content\/uploads\/2025\/06\/polstermoebel-reinigen-massivart-768x494.jpg 768w\" sizes=\"(max-width: 800px) 100vw, 800px\" \/>\t\t\t\t\t\t\t\t\t\t\t\t\t\t\t<\/div>\n\t\t\t\t<\/div>\n\t\t\t\t<div class=\"elementor-element elementor-element-90cd258 elementor-widget elementor-widget-heading\" data-id=\"90cd258\" data-element_type=\"widget\" data-e-type=\"widget\" data-widget_type=\"heading.default\">\n\t\t\t\t<div class=\"elementor-widget-container\">\n\t\t\t\t\t<h2 class=\"elementor-heading-title elementor-size-default\">Was z\u00e4hlt unter Polsterm\u00f6bel?<\/h2>\t\t\t\t<\/div>\n\t\t\t\t<\/div>\n\t\t\t\t<div class=\"elementor-element elementor-element-2f5ee1fe elementor-widget elementor-widget-text-editor\" data-id=\"2f5ee1fe\" data-element_type=\"widget\" data-e-type=\"widget\" data-widget_type=\"text-editor.default\">\n\t\t\t\t<div class=\"elementor-widget-container\">\n\t\t\t\t\t\t\t\t\t<p>Unter Polsterm\u00f6beln versteht man Sitz- und Liegem\u00f6bel, die mit einem weichen Polster ausgestattet sind. Dazu geh\u00f6ren unter anderem <a href=\"https:\/\/massivart.de\/big-sofas\/\"><strong>Big Sofas<\/strong><\/a>, <strong>Sessel<\/strong>, <a href=\"https:\/\/massivart.de\/wohnlandschaften\/\"><strong>Wohnlandschaften<\/strong><\/a>, <a href=\"https:\/\/massivart.de\/ecksofas\/\"><strong>Ecksofas<\/strong> <\/a>und <a href=\"https:\/\/massivart.de\/schlafsofas\/\"><strong>Schlafsofas<\/strong><\/a>. Diese M\u00f6belst\u00fccke bestehen aus einem stabilen <strong>Rahmenmaterial<\/strong>, einer Polsterung und einem <strong>Bezugsmaterial<\/strong>. Sie bieten Komfort und tragen ma\u00dfgeblich zur Gestaltung des Wohnraums bei.<\/p><p>Polsterm\u00f6bel sind in verschiedenen <strong>Designstilen<\/strong> erh\u00e4ltlich, von klassisch bis modern. Sie k\u00f6nnen aus unterschiedlichen Materialien gefertigt sein und bieten diverse <strong>Funktionen<\/strong>, wie verstellbare R\u00fcckenlehnen oder integrierte Bettfunktionen. Die Auswahl des passenden Polsterm\u00f6bels h\u00e4ngt von individuellen Bed\u00fcrfnissen, dem verf\u00fcgbaren Platz und dem gew\u00fcnschten Komfort ab.<\/p>\t\t\t\t\t\t\t\t<\/div>\n\t\t\t\t<\/div>\n\t\t\t\t<div class=\"elementor-element elementor-element-e4412d5 elementor-author-box--layout-image-left elementor-author-box--align-left elementor-author-box--image-valign-middle elementor-widget elementor-widget-author-box\" data-id=\"e4412d5\" data-element_type=\"widget\" data-e-type=\"widget\" data-widget_type=\"author-box.default\">\n\t\t\t\t<div class=\"elementor-widget-container\">\n\t\t\t\t\t\t\t<div class=\"elementor-author-box\">\n\t\t\t\t\t\t\t<div  class=\"elementor-author-box__avatar\">\n\t\t\t\t\t<img decoding=\"async\" src=\"https:\/\/massivart.de\/magazin\/wp-content\/uploads\/2025\/05\/Massivart-Magazin-Avatar-3-einrichtung-2-248x300.jpg\" alt=\"Bild von Sophie Wagner\" loading=\"lazy\">\n\t\t\t\t<\/div>\n\t\t\t\n\t\t\t<div class=\"elementor-author-box__text\">\n\t\t\t\t\t\t\t\t\t<div >\n\t\t\t\t\t\t<h4 class=\"elementor-author-box__name\">\n\t\t\t\t\t\t\tSophie Wagner\t\t\t\t\t\t<\/h4>\n\t\t\t\t\t<\/div>\n\t\t\t\t\n\t\t\t\t\t\t\t\t\t<div class=\"elementor-author-box__bio\">\n\t\t\t\t\t\t<p>Sophie Wagner ist Einrichtungsexpertin und Autorin bei MassivArt. Mit einem geschulten Blick f\u00fcr \u00c4sthetik und Funktionalit\u00e4t ber\u00e4t sie in unserem Magazin zu Raumgestaltung, Materialien und Wohntrends. Ihr Fachwissen verbindet sie mit einem feinen Gesp\u00fcr f\u00fcr individuelle Wohnbed\u00fcrfnisse \u2013 sei es im urbanen Loft oder im gem\u00fctlichen Landhaus. Im Magazin teilt Sophie praxisnahe Tipps, kreative Ideen und inspirierende Einblicke rund ums Einrichten mit Massivholz, nat\u00fcrlichen Materialien und zeitlosem Design.<\/p>\n\t\t\t\t\t<\/div>\n\t\t\t\t\n\t\t\t\t\t\t\t<\/div>\n\t\t<\/div>\n\t\t\t\t\t\t<\/div>\n\t\t\t\t<\/div>\n\t\t\t\t\t<\/div>\n\t\t<\/div>\n\t\t\t\t\t<\/div>\n\t\t<\/section>\n\t\t\t\t<\/div>\n\t\t","protected":false},"excerpt":{"rendered":"<p>Entdecken Sie mit uns, wie Sie Ihr neues Sofa zum Herst\u00fcck Ihres Wohnzimmers machen!<\/p>\n","protected":false},"author":2,"featured_media":2575,"comment_status":"closed","ping_status":"closed","sticky":false,"template":"","format":"standard","meta":{"footnotes":""},"categories":[1,9],"tags":[],"class_list":["post-2426","post","type-post","status-publish","format-standard","has-post-thumbnail","hentry","category-allgemein","category-einrichtungsideen"],"_links":{"self":[{"href":"https:\/\/massivart.de\/magazin\/wp-json\/wp\/v2\/posts\/2426","targetHints":{"allow":["GET"]}}],"collection":[{"href":"https:\/\/massivart.de\/magazin\/wp-json\/wp\/v2\/posts"}],"about":[{"href":"https:\/\/massivart.de\/magazin\/wp-json\/wp\/v2\/types\/post"}],"author":[{"embeddable":true,"href":"https:\/\/massivart.de\/magazin\/wp-json\/wp\/v2\/users\/2"}],"replies":[{"embeddable":true,"href":"https:\/\/massivart.de\/magazin\/wp-json\/wp\/v2\/comments?post=2426"}],"version-history":[{"count":175,"href":"https:\/\/massivart.de\/magazin\/wp-json\/wp\/v2\/posts\/2426\/revisions"}],"predecessor-version":[{"id":3443,"href":"https:\/\/massivart.de\/magazin\/wp-json\/wp\/v2\/posts\/2426\/revisions\/3443"}],"wp:featuredmedia":[{"embeddable":true,"href":"https:\/\/massivart.de\/magazin\/wp-json\/wp\/v2\/media\/2575"}],"wp:attachment":[{"href":"https:\/\/massivart.de\/magazin\/wp-json\/wp\/v2\/media?parent=2426"}],"wp:term":[{"taxonomy":"category","embeddable":true,"href":"https:\/\/massivart.de\/magazin\/wp-json\/wp\/v2\/categories?post=2426"},{"taxonomy":"post_tag","embeddable":true,"href":"https:\/\/massivart.de\/magazin\/wp-json\/wp\/v2\/tags?post=2426"}],"curies":[{"name":"wp","href":"https:\/\/api.w.org\/{rel}","templated":true}]}}